{"id":6015,"date":"2017-03-31T00:00:00","date_gmt":"2017-03-30T20:30:00","guid":{"rendered":"https:\/\/applytocanada.com\/canada-and-new-brunswick-sign-immigration-agreement-2\/"},"modified":"2017-03-31T00:00:00","modified_gmt":"2017-03-30T20:30:00","slug":"canada-and-new-brunswick-sign-immigration-agreement-2","status":"publish","type":"post","link":"https:\/\/applytocanada.com\/en\/canada-and-new-brunswick-sign-immigration-agreement-2\/","title":{"rendered":"Canada y Nuevo Brunswick firman acuerdo de inmigraci\u00f3n"},"content":{"rendered":"<h1>Canad\u00e1 y Nuevo Brunswick Forjan Nuevo Camino de Inmigraci\u00f3n<\/h1>\n<p><strong>De: <a href=\"https:\/\/www.canada.ca\/en\/immigration-refugees-citizenship.html\" rel=\"nofollow noopener\" target=\"_blank\">Inmigraci\u00f3n, Refugiados y Ciudadan\u00eda de Canad\u00e1<\/a><\/strong><\/p>\n<h2>Fortalecimiento de Lazos de Inmigraci\u00f3n<\/h2>\n<p>Hoy se firm\u00f3 un acuerdo hist\u00f3rico para abordar la escasez de mano de obra y aumentar la poblaci\u00f3n de Nuevo Brunswick. El Ministro federal de Inmigraci\u00f3n, Refugiados y Ciudadan\u00eda, Ahmed Hussen, y el Ministro de Educaci\u00f3n Postsecundaria, Capacitaci\u00f3n y Trabajo de Nuevo Brunswick, Donald Arseneault, unieron fuerzas a trav\u00e9s del Acuerdo de Inmigraci\u00f3n Canad\u00e1-Nuevo Brunswick.<\/p>\n<p>Esta firma crucial tuvo lugar en Moncton, Nuevo Brunswick, durante el Foro inaugural sobre Inmigraci\u00f3n Franc\u00f3fona. Aqu\u00ed, ministros federales, provinciales y territoriales deliberaron sobre inmigraci\u00f3n y la Francofon\u00eda canadiense.<\/p>\n<h2>Enfoque en la Inmigraci\u00f3n Franc\u00f3fona<\/h2>\n<p>El acuerdo subraya el compromiso de Nuevo Brunswick de abordar las brechas laborales y aumentar su poblaci\u00f3n al dar la bienvenida a m\u00e1s inmigrantes. Un anexo \u00fanico, &#8220;Inmigrantes Franc\u00f3fonos&#8221;, describe esfuerzos de colaboraci\u00f3n para atraer y retener a reci\u00e9n llegados y trabajadores calificados franc\u00f3fonos.<\/p>\n<h3>Declaraciones Oficiales<\/h3>\n<p>Ahmed Hussen expres\u00f3 su entusiasmo por el acuerdo hist\u00f3rico, enfatizando su papel en el apoyo a las comunidades franc\u00f3fonas de Nuevo Brunswick y los objetivos de inmigraci\u00f3n. Anticip\u00f3 una asociaci\u00f3n fruct\u00edfera que se alinea con los objetivos econ\u00f3micos de Nuevo Brunswick.<\/p>\n<p>Donald Arseneault destac\u00f3 la importancia de negociar el primer anexo de inmigraci\u00f3n franc\u00f3fona, crucial para preservar la diversidad ling\u00fc\u00edstica de la provincia. Enfatiz\u00f3 la importancia del anexo para asegurar que tanto las pol\u00edticas federales como provinciales incorporen una perspectiva franc\u00f3fona.<\/p>\n<h3>Puntos Clave<\/h3>\n<ul>\n<li>Este acuerdo regir\u00e1 la relaci\u00f3n de inmigraci\u00f3n entre Canad\u00e1 y Nuevo Brunswick durante los pr\u00f3ximos cinco a\u00f1os, marcando el primer acuerdo bilateral integral sobre inmigraci\u00f3n entre ambos.<\/li>\n<li>El anexo de Inmigrantes Franc\u00f3fonos busca aumentar la afluencia de inmigrantes franc\u00f3fonos, vincul\u00e1ndolos con comunidades franc\u00f3fonas y promoviendo servicios de integraci\u00f3n en franc\u00e9s.<\/li>\n<li>El acuerdo es parte de la Estrategia de Crecimiento del Atl\u00e1ntico m\u00e1s amplia, que incluye el Programa Piloto de Inmigraci\u00f3n del Atl\u00e1ntico.<\/li>\n<\/ul>\n<h2>Recursos Adicionales<\/h2>\n<ul>\n<li><a href=\"http:\/\/www.cic.gc.ca\/english\/department\/laws-policy\/agreements\/nb\/can-nb-2017.asp\" title=\"Acuerdo de Inmigraci\u00f3n Canad\u00e1-Nuevo Brunswick\" rel=\"nofollow noopener\" target=\"_blank\">Acuerdo de Inmigraci\u00f3n Canad\u00e1-Nuevo Brunswick<\/a><\/li>\n<li><a href=\"http:\/\/www.acoa-apeca.gc.ca\/ags-sca\/Eng\/atlantic-growth.html\" title=\"Estrategia de Crecimiento del Atl\u00e1ntico\" rel=\"nofollow noopener\" target=\"_blank\">Estrategia de Crecimiento del Atl\u00e1ntico<\/a><\/li>\n<li><a href=\"http:\/\/www.cic.gc.ca\/english\/immigrate\/atlantic\/\" title=\"Programa Piloto de Inmigraci\u00f3n del Atl\u00e1ntico\" rel=\"nofollow noopener\" target=\"_blank\">Programa Piloto de Inmigraci\u00f3n del Atl\u00e1ntico<\/a><\/li>\n<\/ul>\n<h2>Informaci\u00f3n de Contacto<\/h2>\n<p><strong>Para consultas de prensa:<\/strong><\/p>\n<p>Camielle Edwards<br \/>\nOficina del Ministro<br \/>\nInmigraci\u00f3n, Refugiados y Ciudadan\u00eda de Canad\u00e1<br \/>\n613-954-1064<\/p>\n<p>Relaciones con los Medios<br \/>\nRama de Comunicaciones<br \/>\nInmigraci\u00f3n, Refugiados y Ciudadan\u00eda de Canad\u00e1<br \/>\n613-952-1650<br \/>\n<a href=\"mailto:CIC-Media-Relations@cic.gc.ca\" rel=\"nofollow\" target=\"_blank\">CIC-Media-Relations@cic.gc.ca<\/a><\/p>\n<h2>Preguntas Frecuentes<\/h2>\n<h3>\u00bfQu\u00e9 es el Acuerdo de Inmigraci\u00f3n Canad\u00e1-Nuevo Brunswick?<\/h3>\n<p>Este acuerdo es un esfuerzo colaborativo para abordar la escasez de mano de obra y aumentar la inmigraci\u00f3n en Nuevo Brunswick, enfoc\u00e1ndose en dar la bienvenida a inmigrantes franc\u00f3fonos.<\/p>\n<h3>\u00bfC\u00f3mo apoya el acuerdo a las comunidades franc\u00f3fonas?<\/h3>\n<p>Incluye un anexo espec\u00edfico para inmigrantes franc\u00f3fonos, con el objetivo de atraer y retenerlos, apoyando as\u00ed el crecimiento de las comunidades franc\u00f3fonas en Nuevo Brunswick.<\/p>\n<h3>\u00bfQu\u00e9 es el Programa Piloto de Inmigraci\u00f3n del Atl\u00e1ntico?<\/h3>\n<p>Este programa es parte de la Estrategia de Crecimiento del Atl\u00e1ntico, dise\u00f1ado para facilitar el proceso de inmigraci\u00f3n y abordar las necesidades laborales en el Atl\u00e1ntico canadiense.<\/p>\n<p><strong>Nota:<\/strong> <a href=\"[Link to Immigration Guide]\">Lea nuestra gu\u00eda de inmigraci\u00f3n<\/a> para m\u00e1s informaci\u00f3n sobre los procesos de inmigraci\u00f3n.<\/p>\n<p><strong>Descripci\u00f3n Meta:<\/strong> Descubra el Acuerdo de Inmigraci\u00f3n Canad\u00e1-Nuevo Brunswick enfocado en inmigrantes franc\u00f3fonos para aumentar la poblaci\u00f3n y abordar la escasez de mano de obra.<\/p>\n","protected":false},"excerpt":{"rendered":"<p>Hoy se firm\u00f3 un acuerdo que ayudar\u00e1 a Nuevo Brunswick a abordar la escasez de mano de obra y aumentar su poblaci\u00f3n. El Honorable Ahmed Hussen, Ministro federal de Inmigraci\u00f3n, Refugiados y Ciudadan\u00eda, y el Honorable Donald Arseneault, Ministro de Educaci\u00f3n Postsecundaria, Capacitaci\u00f3n y Trabajo de Nuevo Brunswick, firmaron el Acuerdo de Inmigraci\u00f3n Canad\u00e1-Nuevo Brunswick. &#8230; <a class=\"cz_readmore\" href=\"https:\/\/applytocanada.com\/en\/canada-and-new-brunswick-sign-immigration-agreement-2\/\"><i class=\"fa czico-Icon-Navigation-Chevron-Right\" aria-hidden=\"true\"><\/i><span>Read More<\/span><\/a><\/p>\n","protected":false},"author":4,"featured_media":6013,"comment_status":"closed","ping_status":"closed","sticky":false,"template":"","format":"standard","meta":{"footnotes":""},"categories":[89],"tags":[],"class_list":["post-6015","post","type-post","status-publish","format-standard","has-post-thumbnail","hentry","category-immigration"],"_links":{"self":[{"href":"https:\/\/applytocanada.com\/en\/wp-json\/wp\/v2\/posts\/6015","targetHints":{"allow":["GET"]}}],"collection":[{"href":"https:\/\/applytocanada.com\/en\/wp-json\/wp\/v2\/posts"}],"about":[{"href":"https:\/\/applytocanada.com\/en\/wp-json\/wp\/v2\/types\/post"}],"author":[{"embeddable":true,"href":"https:\/\/applytocanada.com\/en\/wp-json\/wp\/v2\/users\/4"}],"replies":[{"embeddable":true,"href":"https:\/\/applytocanada.com\/en\/wp-json\/wp\/v2\/comments?post=6015"}],"version-history":[{"count":0,"href":"https:\/\/applytocanada.com\/en\/wp-json\/wp\/v2\/posts\/6015\/revisions"}],"wp:featuredmedia":[{"embeddable":true,"href":"https:\/\/applytocanada.com\/en\/wp-json\/wp\/v2\/media\/6013"}],"wp:attachment":[{"href":"https:\/\/applytocanada.com\/en\/wp-json\/wp\/v2\/media?parent=6015"}],"wp:term":[{"taxonomy":"category","embeddable":true,"href":"https:\/\/applytocanada.com\/en\/wp-json\/wp\/v2\/categories?post=6015"},{"taxonomy":"post_tag","embeddable":true,"href":"https:\/\/applytocanada.com\/en\/wp-json\/wp\/v2\/tags?post=6015"}],"curies":[{"name":"wp","href":"https:\/\/api.w.org\/{rel}","templated":true}]}}