{"id":5664,"date":"2018-12-10T00:00:00","date_gmt":"2018-12-09T20:30:00","guid":{"rendered":"https:\/\/applytocanada.com\/canada-adopts-historic-agreement-to-address-migration-2\/"},"modified":"2018-12-10T00:00:00","modified_gmt":"2018-12-09T20:30:00","slug":"canada-adopts-historic-agreement-to-address-migration-2","status":"publish","type":"post","link":"https:\/\/applytocanada.com\/en\/canada-adopts-historic-agreement-to-address-migration-2\/","title":{"rendered":"Canada adopta un acuerdo hist\u00f3rico para abordar la migraci\u00f3n"},"content":{"rendered":"<h1>El Acuerdo Hist\u00f3rico de Canad\u00e1 sobre la Migraci\u00f3n Global<\/h1>\n<p><strong>Fuente: <a href=\"https:\/\/www.canada.ca\/en\/immigration-refugees-citizenship.html\" rel=\"nofollow noopener\" target=\"_blank\">Inmigraci\u00f3n, Refugiados y Ciudadan\u00eda de Canad\u00e1<\/a><\/strong><\/p>\n<h2>Resumen del Comunicado de Prensa<\/h2>\n<p>El 10 de diciembre de 2018, en Marrakech, Marruecos, Canad\u00e1 adopt\u00f3 el Pacto Mundial para una Migraci\u00f3n Segura, Ordenada y Regular (GCM), marcando un paso significativo en la resoluci\u00f3n de los desaf\u00edos de la migraci\u00f3n global. Este marco tiene como objetivo fomentar la colaboraci\u00f3n internacional y maximizar los beneficios de la migraci\u00f3n en todo el mundo.<\/p>\n<h2>Importancia del Pacto de Migraci\u00f3n<\/h2>\n<h3>Un Marco Global para la Migraci\u00f3n<\/h3>\n<p>El GCM es el primer acuerdo internacional integral sobre migraci\u00f3n, que busca gestionar la migraci\u00f3n de manera segura, ordenada y regular. El Ministro de Inmigraci\u00f3n de Canad\u00e1, Ahmed Hussen, anunci\u00f3 este compromiso en la Conferencia Intergubernamental en Marrakech.<\/p>\n<p>Este marco reconoce los desaf\u00edos que presenta la migraci\u00f3n irregular y subraya los impactos positivos de los migrantes, abogando por v\u00edas de migraci\u00f3n regular y sistemas bien gestionados. Con 258 millones de personas migrando globalmente en la actualidad, incluidos 68.5 millones de desplazados forzosos, la necesidad de tal marco es evidente.<\/p>\n<h3>Objetivos y Principios<\/h3>\n<p>El Pacto detalla 23 objetivos, cada uno centrado en diferentes aspectos de la migraci\u00f3n. Aunque los estados no est\u00e1n obligados a implementar cada acci\u00f3n, estos objetivos sirven como mejores pr\u00e1cticas para lograr una gesti\u00f3n efectiva de la migraci\u00f3n. Enfatiza la soberan\u00eda de los estados en el control de fronteras mientras fomenta la cooperaci\u00f3n internacional.<\/p>\n<p>Canad\u00e1 desempe\u00f1\u00f3 un papel significativo en la conformaci\u00f3n del GCM, alineando sus pr\u00e1cticas con los objetivos del Pacto. Este acuerdo es un hito, formando el primer marco multilateral para una respuesta global coordinada a la migraci\u00f3n.<\/p>\n<h2>Declaraciones Oficiales<\/h2>\n<blockquote>\n<p>&#8220;Los sistemas nacionales de migraci\u00f3n integrales pueden impulsar la innovaci\u00f3n, el crecimiento econ\u00f3mico y la estabilidad social. Nuestro gobierno ve el Pacto Mundial como una forma de superar los desaf\u00edos de la migraci\u00f3n y aprovechar las contribuciones de los reci\u00e9n llegados para una integraci\u00f3n exitosa.&#8221; \u2013 Ahmed Hussen, Ministro de Inmigraci\u00f3n, Refugiados y Ciudadan\u00eda<\/p>\n<\/blockquote>\n<blockquote>\n<p>&#8220;Canad\u00e1 se enorgullece de respaldar este Pacto. Mejora la cooperaci\u00f3n global en materia de migraci\u00f3n, promoviendo un sistema basado en reglas que respeta los derechos humanos y combate la violencia de g\u00e9nero. Gracias a Louise Arbour por su liderazgo en la protecci\u00f3n de poblaciones vulnerables.&#8221; \u2013 Chrystia Freeland, Ministra de Asuntos Exteriores<\/p>\n<\/blockquote>\n<h2>Datos Clave<\/h2>\n<ul>\n<li>La Declaraci\u00f3n de Nueva York de 2016 de la Asamblea General de la ONU inici\u00f3 la creaci\u00f3n del GCM y el Pacto Mundial sobre Refugiados.<\/li>\n<li>La participaci\u00f3n de Canad\u00e1 en el GCM fue liderada por Inmigraci\u00f3n, Refugiados y Ciudadan\u00eda de Canad\u00e1 junto con Asuntos Globales de Canad\u00e1.<\/li>\n<li>El n\u00famero global de migrantes ha aumentado a 258 millones en 2017, un incremento del 49% desde 2000.<\/li>\n<\/ul>\n<h2>Recursos Relacionados<\/h2>\n<ul>\n<li><a href=\"https:\/\/www.canada.ca\/en\/immigration-refugees-citizenship\/news\/2018\/12\/global-compact-for-safe-orderly-and-regular-migration.html\" title=\"Antecedentes\" rel=\"nofollow noopener\" target=\"_blank\">Antecedentes<\/a><\/li>\n<\/ul>\n<h2>Enlaces Adicionales<\/h2>\n<ul>\n<li><a href=\"https:\/\/refugeesmigrants.un.org\/migration-compact\" title=\"Pacto Mundial para la Migraci\u00f3n\" rel=\"nofollow noopener\" target=\"_blank\">Pacto Mundial para la Migraci\u00f3n<\/a><\/li>\n<\/ul>\n<h2>Contactos de Prensa<\/h2>\n<p><strong>Solo Consultas de Prensa<\/strong><\/p>\n<p><strong>Mathieu Genest<\/strong><br \/>Oficina del Ministro<br \/>Inmigraci\u00f3n, Refugiados y Ciudadan\u00eda de Canad\u00e1<br \/>613-954-1064<\/p>\n<p><strong>Relaciones con los Medios<\/strong><br \/>Rama de Comunicaciones<br \/>Inmigraci\u00f3n, Refugiados y Ciudadan\u00eda de Canad\u00e1<br \/>613-952-1650<br \/><a href=\"mailto:IRCC.COMMMediaRelations-RelationsmediasCOMM.IRCC@cic.gc.ca\" rel=\"nofollow\" target=\"_blank\">IRCC.COMMMediaRelations-RelationsmediasCOMM.IRCC@cic.gc.ca<\/a><\/p>\n<p><strong>Adam Austen<\/strong><br \/>Secretario de Prensa<br \/>Oficina del Ministro de Asuntos Exteriores<br \/><a href=\"mailto:Adam.Austen@international.gc.ca\" rel=\"nofollow\" target=\"_blank\">Adam.Austen@international.gc.ca<\/a><br \/><strong><br \/>Oficina de Relaciones con los Medios<\/strong><br \/>Asuntos Globales de Canad\u00e1<br \/>343-203-7700<br \/><a href=\"mailto:media@international.gc.ca\" rel=\"nofollow\" target=\"_blank\">media@international.gc.ca<\/a><br \/>S\u00edguenos en Twitter: <a href=\"https:\/\/twitter.com\/CanadaFP\" rel=\"nofollow noopener\" target=\"_blank\">@CanadaFP<\/a><br \/>Haz clic en Me gusta en Facebook: <a href=\"https:\/\/www.facebook.com\/CanadaFP\/\" rel=\"nofollow noopener\" target=\"_blank\">La pol\u00edtica exterior de Canad\u00e1 &#8211; Asuntos Globales de Canad\u00e1<\/a><\/p>\n<h2>Preguntas Frecuentes sobre el Papel de Canad\u00e1 en la Migraci\u00f3n Global<\/h2>\n<h3>\u00bfQu\u00e9 es el Pacto Mundial para una Migraci\u00f3n Segura, Ordenada y Regular?<\/h3>\n<p>El Pacto es un acuerdo internacional que busca mejorar la gesti\u00f3n de la migraci\u00f3n a trav\u00e9s de la cooperaci\u00f3n entre pa\u00edses.<\/p>\n<h3>\u00bfC\u00f3mo contribuye Canad\u00e1 al GCM?<\/h3>\n<p>Canad\u00e1 ha estado activamente involucrado en el desarrollo del GCM, alineando sus pr\u00e1cticas con los objetivos del Pacto y promoviendo una gesti\u00f3n efectiva de la migraci\u00f3n.<\/p>\n<h3>\u00bfPor qu\u00e9 es importante la cooperaci\u00f3n internacional en materia de migraci\u00f3n?<\/h3>\n<p>La cooperaci\u00f3n global ayuda a abordar los desaf\u00edos de la migraci\u00f3n, aprovecha los beneficios de la migraci\u00f3n y apoya la integraci\u00f3n de los reci\u00e9n llegados.<\/p>\n<p><strong>Descubre m\u00e1s sobre la migraci\u00f3n:<\/strong> <a href=\"[Link to Immigration Guide]\">Lee nuestra gu\u00eda de inmigraci\u00f3n<\/a>.<\/p>\n","protected":false},"excerpt":{"rendered":"<p>10 de diciembre de 2018\u2014Marrakech, Marruecos \u2013 Canad\u00e1 cree que la cooperaci\u00f3n internacional efectiva es esencial para abordar los desaf\u00edos comunes y aprovechar los beneficios de la migraci\u00f3n global. Hoy, Canad\u00e1 anunci\u00f3 que adopt\u00f3 el Pacto Mundial para una Migraci\u00f3n Segura, Ordenada y Regular (GCM), el primer marco global sobre todos los aspectos de la migraci\u00f3n internacional. &#8230; <a class=\"cz_readmore\" href=\"https:\/\/applytocanada.com\/en\/canada-adopts-historic-agreement-to-address-migration-2\/\"><i class=\"fa czico-Icon-Navigation-Chevron-Right\" aria-hidden=\"true\"><\/i><span>Read More<\/span><\/a><\/p>\n","protected":false},"author":4,"featured_media":5662,"comment_status":"closed","ping_status":"closed","sticky":false,"template":"","format":"standard","meta":{"footnotes":""},"categories":[89],"tags":[],"class_list":["post-5664","post","type-post","status-publish","format-standard","has-post-thumbnail","hentry","category-immigration"],"_links":{"self":[{"href":"https:\/\/applytocanada.com\/en\/wp-json\/wp\/v2\/posts\/5664","targetHints":{"allow":["GET"]}}],"collection":[{"href":"https:\/\/applytocanada.com\/en\/wp-json\/wp\/v2\/posts"}],"about":[{"href":"https:\/\/applytocanada.com\/en\/wp-json\/wp\/v2\/types\/post"}],"author":[{"embeddable":true,"href":"https:\/\/applytocanada.com\/en\/wp-json\/wp\/v2\/users\/4"}],"replies":[{"embeddable":true,"href":"https:\/\/applytocanada.com\/en\/wp-json\/wp\/v2\/comments?post=5664"}],"version-history":[{"count":0,"href":"https:\/\/applytocanada.com\/en\/wp-json\/wp\/v2\/posts\/5664\/revisions"}],"wp:featuredmedia":[{"embeddable":true,"href":"https:\/\/applytocanada.com\/en\/wp-json\/wp\/v2\/media\/5662"}],"wp:attachment":[{"href":"https:\/\/applytocanada.com\/en\/wp-json\/wp\/v2\/media?parent=5664"}],"wp:term":[{"taxonomy":"category","embeddable":true,"href":"https:\/\/applytocanada.com\/en\/wp-json\/wp\/v2\/categories?post=5664"},{"taxonomy":"post_tag","embeddable":true,"href":"https:\/\/applytocanada.com\/en\/wp-json\/wp\/v2\/tags?post=5664"}],"curies":[{"name":"wp","href":"https:\/\/api.w.org\/{rel}","templated":true}]}}