{"id":5660,"date":"2018-12-14T00:00:00","date_gmt":"2018-12-13T20:30:00","guid":{"rendered":"https:\/\/applytocanada.com\/minister-hussen-concludes-successful-trip-to-morocco\/"},"modified":"2018-12-14T00:00:00","modified_gmt":"2018-12-13T20:30:00","slug":"minister-hussen-concludes-successful-trip-to-morocco","status":"publish","type":"post","link":"https:\/\/applytocanada.com\/en\/minister-hussen-concludes-successful-trip-to-morocco\/","title":{"rendered":"Minister Hussen concludes successful trip to Morocco"},"content":{"rendered":"<h1>Minister Hussen Wraps Up Productive Visit to Morocco<\/h1>\n<p><strong>From: <a href=\"https:\/\/www.canada.ca\/en\/immigration-refugees-citizenship.html\" rel=\"nofollow noopener\" target=\"_blank\">Immigration, Refugees and Citizenship Canada<\/a><\/strong><\/p>\n<h2>Minister&#8217;s Visit Highlights<\/h2>\n<p>On December 14, 2018, in Ottawa, ON, the Honourable Ahmed Hussen, Minister of Immigration, Refugees and Citizenship, concluded his week-long visit to Morocco. He led the Canadian delegation at the Intergovernmental Conference to adopt the Global Compact for Safe, Orderly and Regular Migration (GCM). This marks the first globally negotiated framework addressing all aspects of migration.<\/p>\n<p>During his visit, Minister Hussen engaged in multiple meetings with international counterparts to bolster bilateral relationships and advocate for Canadian priorities.<\/p>\n<h2>Key Discussions and Events<\/h2>\n<h3>Canada&#8217;s Commitment to GCM<\/h3>\n<p>At the conference, Minister Hussen expressed Canada&#8217;s strong support for the GCM and its core principles, including human rights and gender equality. He emphasized the necessity of sharing best practices and experiences.<\/p>\n<h3>Addressing Misconceptions<\/h3>\n<p>After Canada endorsed the GCM, Minister Hussen addressed the media, clarifying misconceptions such as the Compact undermining national sovereignty or creating a new right to migrate. He highlighted the benefits of migration.<\/p>\n<h3>Co-Sponsored Events<\/h3>\n<p>While in Marrakech, Minister Hussen participated in two events co-sponsored by Canada. The first, with Nigeria, focused on civil society&#8217;s role in addressing global migration. The second, with the International Organization for Migration, explored innovative pathways for regular migration. The Minister highlighted Canada&#8217;s pre-settlement services like the Canadian Orientation Abroad program.<\/p>\n<h3>Additional Engagements<\/h3>\n<p>Minister Hussen also spoke at various events, including one organized by the United Nations Economic Commission for Africa on African migration challenges and opportunities. He attended the launch of the OECD&#8217;s publication on integration indicators, discussing Canada&#8217;s robust integration system and immigration&#8217;s positive impacts.<\/p>\n<p>During his trip, the Minister met with several key figures, such as the Special Representative of the UN Secretary-General for International Migration, Louise Arbour, and the UN High Commissioner for Refugees, Filippo Grandi, among others.<\/p>\n<h3>Visits and Partnerships<\/h3>\n<p>In Marrakech, Minister Hussen toured the Emerging Business Factory, meeting young entrepreneurs, and visited the Ennakhil centre for women, supporting victims of violence. In Casablanca, he engaged with young entrepreneurs and business leaders at Espace Bidaya, a social green-tech incubator, and spoke at Universit\u00e9 Hassan II de Casablanca about managed migration.<\/p>\n<p>The Minister concluded his visit with stops at ISMALA and the National Public Employment Agency, emphasizing cooperation in recruiting temporary workers. He also joined a roundtable hosted by Conf\u00e9d\u00e9ration G\u00e9n\u00e9rale des Entreprises du Maroc, promoting Francophone immigration and study opportunities in Canada.<\/p>\n<h2>Quotes<\/h2>\n<blockquote>\n<p>\u201cGlobal connections are the basis of my visit to Morocco to mark the adoption of the Global Compact for Migration. In today\u2019s world, migration is a fact of life. People are moving around the world in larger numbers than ever before. Canada believes that we must continue to build global approaches, not only to address migration, but to encourage innovation and cooperation. Visits like this help build strong partnerships between our governments and our people that not only lead to future successes, but build a safer world for all\u201d.<\/p>\n<p>\u2013 The Honourable Ahmed Hussen, Minister of Immigration, Refugees and Citizenship<\/p>\n<\/blockquote>\n<h2>Associated Links<\/h2>\n<ul>\n<li><a href=\"https:\/\/www.canada.ca\/en\/immigration-refugees-citizenship\/news\/2018\/12\/canada-adopts-historic-agreement-to-address-migration.html\" title=\"Canada adopts historic agreement to address migration\" rel=\"nofollow noopener\" target=\"_blank\">Canada adopts historic agreement to address migration<\/a><\/li>\n<li><a href=\"http:\/\/www.coa-oce.ca\/\" title=\"Canadian Orientation Abroad\" rel=\"nofollow noopener\" target=\"_blank\">Canadian Orientation Abroad<\/a><\/li>\n<\/ul>\n<h2>Contacts<\/h2>\n<p><strong>Contacts for media only<\/strong><\/p>\n<p><strong>Mathieu Genest<\/strong><br \/>Minister\u2019s Office<br \/>Immigration, Refugees and Citizenship Canada<br \/>613-954-1064<\/p>\n<p><strong>Media Relations<\/strong><br \/>Communications Branch<br \/>Immigration, Refugees and Citizenship Canada<br \/>613-952-1650<br \/><a href=\"mailto:IRCC.COMMMediaRelations-RelationsmediasCOMM.IRCC@cic.gc.ca\" rel=\"nofollow\" target=\"_blank\">IRCC.COMMMediaRelations-RelationsmediasCOMM.IRCC@cic.gc.ca<\/a><\/p>\n<h2>FAQ<\/h2>\n<h3>What is the Global Compact for Migration?<\/h3>\n<p>The Global Compact for Migration (GCM) is the first internationally negotiated framework addressing all aspects of global migration. It focuses on human rights and gender equality.<\/p>\n<h3>How does Canada support the GCM?<\/h3>\n<p>Canada endorses the GCM, emphasizing the importance of international cooperation, human rights, and gender equality in managing global migration.<\/p>\n<h3>What are some misconceptions about the GCM?<\/h3>\n<p>Common misconceptions include concerns about the GCM affecting national sovereignty and creating a new right to migrate, both of which are not the case.<\/p>\n<h3>Who did Minister Hussen meet during his visit?<\/h3>\n<p>Minister Hussen met with international figures such as the UN High Commissioner for Refugees, Filippo Grandi, and the EU Commissioner for Migration, Home Affairs and Citizenship, Dimitris Avramopoulos.<\/p>\n<h3>What initiatives did Minister Hussen promote in Morocco?<\/h3>\n<p>Minister Hussen promoted initiatives like Francophone immigration, the Canadian Orientation Abroad program, and Canada\u2019s managed migration values.<\/p>\n","protected":false},"excerpt":{"rendered":"<p>December 14, 2018 \u2013 Ottawa, ON \u2013 The Honourable Ahmed Hussen, Minister of Immigration, Refugees and Citizenship, today concluded his week-long visit to Morocco, where he led the Canadian delegation to the Intergovernmental Conference to adopt the Global Compact for Safe, Orderly and Regular Migration (GCM). The GCM is the first globally negotiated framework covering all aspects of migration. &#8230; <a class=\"cz_readmore\" href=\"https:\/\/applytocanada.com\/en\/minister-hussen-concludes-successful-trip-to-morocco\/\"><i class=\"fa czico-Icon-Navigation-Chevron-Right\" aria-hidden=\"true\"><\/i><span>Read More<\/span><\/a><\/p>\n","protected":false},"author":4,"featured_media":0,"comment_status":"closed","ping_status":"closed","sticky":false,"template":"","format":"standard","meta":{"footnotes":""},"categories":[89],"tags":[],"class_list":["post-5660","post","type-post","status-publish","format-standard","hentry","category-immigration"],"_links":{"self":[{"href":"https:\/\/applytocanada.com\/en\/wp-json\/wp\/v2\/posts\/5660","targetHints":{"allow":["GET"]}}],"collection":[{"href":"https:\/\/applytocanada.com\/en\/wp-json\/wp\/v2\/posts"}],"about":[{"href":"https:\/\/applytocanada.com\/en\/wp-json\/wp\/v2\/types\/post"}],"author":[{"embeddable":true,"href":"https:\/\/applytocanada.com\/en\/wp-json\/wp\/v2\/users\/4"}],"replies":[{"embeddable":true,"href":"https:\/\/applytocanada.com\/en\/wp-json\/wp\/v2\/comments?post=5660"}],"version-history":[{"count":0,"href":"https:\/\/applytocanada.com\/en\/wp-json\/wp\/v2\/posts\/5660\/revisions"}],"wp:attachment":[{"href":"https:\/\/applytocanada.com\/en\/wp-json\/wp\/v2\/media?parent=5660"}],"wp:term":[{"taxonomy":"category","embeddable":true,"href":"https:\/\/applytocanada.com\/en\/wp-json\/wp\/v2\/categories?post=5660"},{"taxonomy":"post_tag","embeddable":true,"href":"https:\/\/applytocanada.com\/en\/wp-json\/wp\/v2\/tags?post=5660"}],"curies":[{"name":"wp","href":"https:\/\/api.w.org\/{rel}","templated":true}]}}