{"id":5370,"date":"2019-07-03T00:00:00","date_gmt":"2019-07-02T20:30:00","guid":{"rendered":"https:\/\/applytocanada.com\/canada-supports-francophone-minority-communities-2\/"},"modified":"2019-07-03T00:00:00","modified_gmt":"2019-07-02T20:30:00","slug":"canada-supports-francophone-minority-communities-2","status":"publish","type":"post","link":"https:\/\/applytocanada.com\/en\/canada-supports-francophone-minority-communities-2\/","title":{"rendered":"Canad\u00e1 apoya a las comunidades franc\u00f3fonas minoritarias"},"content":{"rendered":"<h1>Canad\u00e1 Apoya a las Comunidades Franc\u00f3fonas Minoritarias<\/h1>\n<p><strong>De: <a href=\"https:\/\/www.canada.ca\/en\/immigration-refugees-citizenship.html\" rel=\"nofollow noopener\" target=\"_blank\">Inmigraci\u00f3n, Refugiados y Ciudadan\u00eda de Canad\u00e1<\/a><\/strong><\/p>\n<h2>Apoyo para los Reci\u00e9n Llegados Franc\u00f3fonos<\/h2>\n<p>El 3 de julio de 2019, en Dieppe, N.B., Canad\u00e1 anunci\u00f3 el respaldo a siete organizaciones a nivel nacional para proporcionar capacitaci\u00f3n en idiomas a los reci\u00e9n llegados de habla francesa que se establecen en comunidades franc\u00f3fonas minoritarias.<\/p>\n<h3>Capacitaci\u00f3n en Idiomas Oficiales para Reci\u00e9n Llegados<\/h3>\n<p>La iniciativa de Canad\u00e1 tiene como objetivo mejorar las habilidades ling\u00fc\u00edsticas entre los reci\u00e9n llegados, ofreciendo capacitaci\u00f3n que fortalece las habilidades en un idioma mientras intensifica el aprendizaje en el otro, adaptado a sus necesidades. Dominar ambos idiomas oficiales es crucial en estas comunidades, donde el ingl\u00e9s a menudo domina en el lugar de trabajo, mientras que el franc\u00e9s prevalece socialmente y en el hogar.<\/p>\n<p>Los proyectos iniciados por estas organizaciones:<\/p>\n<ul>\n<li>Mejorar\u00e1n las habilidades biling\u00fces de los reci\u00e9n llegados para ayudarlos a asegurar empleo e integrarse activamente en sus comunidades.<\/li>\n<li>Proporcionar\u00e1n una combinaci\u00f3n de capacitaci\u00f3n en idiomas presencial y en l\u00ednea que se mantenga flexible y accesible.<\/li>\n<li>Crear\u00e1n recursos para mejorar la entrega de programas, promoviendo la Ruta de Integraci\u00f3n Franc\u00f3fona y la participaci\u00f3n comunitaria.<\/li>\n<\/ul>\n<p>Este compromiso subraya la dedicaci\u00f3n de Canad\u00e1 a fomentar los idiomas oficiales, atraer a reci\u00e9n llegados calificados para abordar la escasez de mano de obra y apoyar la creaci\u00f3n de empleos para la clase media.<\/p>\n<h2>Citas del Gobierno sobre la Integraci\u00f3n Franc\u00f3fona<\/h2>\n<blockquote>\n<p>&#8220;Los franc\u00f3fonos en todo el pa\u00eds buscan atraer a reci\u00e9n llegados de habla francesa, asegurando que hagan de estas comunidades su hogar permanente. Estos proyectos ayudar\u00e1n a los reci\u00e9n llegados a sentirse bienvenidos e integrarse en las comunidades franc\u00f3fonas minoritarias, convirti\u00e9ndose en miembros activos de la comunidad.&#8221;<\/p>\n<p>\u2013 Matt DeCourcey, Secretario Parlamentario del Ministro de Inmigraci\u00f3n, Refugiados y Ciudadan\u00eda<\/p>\n<\/blockquote>\n<blockquote>\n<p>&#8220;Una ruta de integraci\u00f3n francesa es vital para el crecimiento de las comunidades franc\u00f3fonas. Nuestro objetivo es el 4.4% de inmigrantes de habla francesa en comunidades minoritarias para 2023. Estamos comprometidos a apoyar a estas comunidades y promover la cultura francesa en todo el pa\u00eds.&#8221;<\/p>\n<p>\u2013 La Honorable M\u00e9lanie Joly, Ministra de Turismo, Idiomas Oficiales y La Francofon\u00eda<\/p>\n<\/blockquote>\n<h2>Datos Clave Sobre la Iniciativa<\/h2>\n<ul>\n<li>$7.6 millones durante cuatro a\u00f1os financiar\u00e1n estos proyectos.<\/li>\n<li>La Ruta de Integraci\u00f3n Franc\u00f3fona ofrece servicios de asentamiento para vincular a los reci\u00e9n llegados de habla francesa con comunidades franc\u00f3fonas minoritarias.<\/li>\n<li>Como parte del presupuesto de 2018 y el Plan de Acci\u00f3n de Idiomas Oficiales 2018-2023, casi $36.6 millones fortalecer\u00e1n la Ruta de Integraci\u00f3n Franc\u00f3fona durante cinco a\u00f1os.<\/li>\n<li>En noviembre de 2018, IRCC introdujo un nuevo modelo de servicio para inmigrantes de habla francesa, mejorando los servicios de asentamiento en el Aeropuerto Internacional Pearson en Toronto.<\/li>\n<li>Bajo la iniciativa de Comunidades Franc\u00f3fonas Acogedoras, 14 comunidades recibir\u00e1n $12.6 millones durante tres a\u00f1os a partir de 2020 para ayudar a la integraci\u00f3n de los reci\u00e9n llegados de habla francesa.<\/li>\n<\/ul>\n<h2>Recursos Relacionados<\/h2>\n<ul>\n<li><a href=\"https:\/\/www.canada.ca\/en\/immigration-refugees-citizenship\/news\/2019\/07\/organizations-selected-to-deliver-adapted-language-training.html\" title=\"Antecedentes: Organizaciones seleccionadas para ofrecer capacitaci\u00f3n en idiomas adaptada\" rel=\"nofollow noopener\" target=\"_blank\">Antecedentes: Organizaciones seleccionadas para ofrecer capacitaci\u00f3n en idiomas adaptada<\/a><\/li>\n<\/ul>\n<h2>Informaci\u00f3n Adicional<\/h2>\n<ul>\n<li><a href=\"https:\/\/www.canada.ca\/en\/canadian-heritage\/services\/official-languages-bilingualism\/official-languages-action-plan\/2018-2023.html\" title=\"Plan de Acci\u00f3n para Idiomas Oficiales 2018\u20132023: Invertir en Nuestro Futuro\" rel=\"nofollow noopener\" target=\"_blank\">Plan de Acci\u00f3n para Idiomas Oficiales 2018\u20132023: Invertir en Nuestro Futuro<\/a><\/li>\n<li><a href=\"https:\/\/www.canada.ca\/en\/immigration-refugees-citizenship\/corporate\/publications-manuals\/francophone-immigration-strategy.html\" title=\"Cumpliendo Nuestros Objetivos: Estrategia de Inmigraci\u00f3n Franc\u00f3fona\" rel=\"nofollow noopener\" target=\"_blank\">Cumpliendo Nuestros Objetivos: Estrategia de Inmigraci\u00f3n Franc\u00f3fona<\/a><\/li>\n<\/ul>\n<h2>Informaci\u00f3n de Contacto<\/h2>\n<p><strong>Contactos solo para medios<\/strong><\/p>\n<p><strong>Mathieu Genest<\/strong><br \/>Oficina del Ministro<br \/>Inmigraci\u00f3n, Refugiados y Ciudadan\u00eda de Canad\u00e1<br \/>613-954-1064<\/p>\n<p><strong>Relaciones con los Medios<\/strong><br \/>Rama de Comunicaciones<br \/>Inmigraci\u00f3n, Refugiados y Ciudadan\u00eda de Canad\u00e1<br \/>613-952-1650<br \/><a href=\"mailto:IRCC.COMMMediaRelations-RelationsmediasCOMM.IRCC@cic.gc.ca\" rel=\"nofollow\" target=\"_blank\">IRCC.COMMMediaRelations-RelationsmediasCOMM.IRCC@cic.gc.ca<\/a><\/p>\n<h2>Preguntas Frecuentes: Inmigraci\u00f3n Franc\u00f3fona a Canad\u00e1<\/h2>\n<h3>\u00bfQu\u00e9 es la Ruta de Integraci\u00f3n Franc\u00f3fona?<\/h3>\n<p>La Ruta de Integraci\u00f3n Franc\u00f3fona es una colecci\u00f3n de servicios destinados a ayudar a los reci\u00e9n llegados de habla francesa a integrarse en comunidades franc\u00f3fonas minoritarias.<\/p>\n<h3>\u00bfCu\u00e1nto se est\u00e1 invirtiendo en estas iniciativas?<\/h3>\n<p>Se proporcionar\u00e1n hasta $7.6 millones durante cuatro a\u00f1os para apoyar estos proyectos, con casi $36.6 millones asignados durante cinco a\u00f1os como parte del Plan de Acci\u00f3n de Idiomas Oficiales.<\/p>\n<h3>\u00bfCu\u00e1l es el objetivo para los inmigrantes de habla francesa en Canad\u00e1 para 2023?<\/h3>\n<p>El objetivo es que el 4.4% de los inmigrantes que se establezcan en comunidades franc\u00f3fonas minoritarias sean de habla francesa para 2023.<\/p>\n<h3>\u00bfQu\u00e9 organizaciones est\u00e1n involucradas en la provisi\u00f3n de capacitaci\u00f3n en idiomas?<\/h3>\n<p>Siete organizaciones en todo Canad\u00e1 est\u00e1n apoyadas para ofrecer capacitaci\u00f3n en idiomas para ayudar a los reci\u00e9n llegados de habla francesa a integrarse en sus comunidades.<\/p>\n<p>Para obtener una gu\u00eda m\u00e1s detallada, <a href=\"[Link to Immigration Guide]\">Lea nuestra gu\u00eda de inmigraci\u00f3n<\/a>.<\/p>\n","protected":false},"excerpt":{"rendered":"<p>3 de julio de 2019 \u2013 Dieppe, N.B. \u2013 Canad\u00e1 est\u00e1 apoyando a 7 organizaciones en todo el pa\u00eds para proporcionar servicios de capacitaci\u00f3n en idiomas oficiales a los reci\u00e9n llegados de habla francesa que eligen establecerse en una comunidad franc\u00f3fona minoritaria. &#8230; <a class=\"cz_readmore\" href=\"https:\/\/applytocanada.com\/en\/canada-supports-francophone-minority-communities-2\/\"><i class=\"fa czico-Icon-Navigation-Chevron-Right\" aria-hidden=\"true\"><\/i><span>Read More<\/span><\/a><\/p>\n","protected":false},"author":4,"featured_media":5368,"comment_status":"closed","ping_status":"closed","sticky":false,"template":"","format":"standard","meta":{"footnotes":""},"categories":[89],"tags":[],"class_list":["post-5370","post","type-post","status-publish","format-standard","has-post-thumbnail","hentry","category-immigration"],"_links":{"self":[{"href":"https:\/\/applytocanada.com\/en\/wp-json\/wp\/v2\/posts\/5370","targetHints":{"allow":["GET"]}}],"collection":[{"href":"https:\/\/applytocanada.com\/en\/wp-json\/wp\/v2\/posts"}],"about":[{"href":"https:\/\/applytocanada.com\/en\/wp-json\/wp\/v2\/types\/post"}],"author":[{"embeddable":true,"href":"https:\/\/applytocanada.com\/en\/wp-json\/wp\/v2\/users\/4"}],"replies":[{"embeddable":true,"href":"https:\/\/applytocanada.com\/en\/wp-json\/wp\/v2\/comments?post=5370"}],"version-history":[{"count":0,"href":"https:\/\/applytocanada.com\/en\/wp-json\/wp\/v2\/posts\/5370\/revisions"}],"wp:featuredmedia":[{"embeddable":true,"href":"https:\/\/applytocanada.com\/en\/wp-json\/wp\/v2\/media\/5368"}],"wp:attachment":[{"href":"https:\/\/applytocanada.com\/en\/wp-json\/wp\/v2\/media?parent=5370"}],"wp:term":[{"taxonomy":"category","embeddable":true,"href":"https:\/\/applytocanada.com\/en\/wp-json\/wp\/v2\/categories?post=5370"},{"taxonomy":"post_tag","embeddable":true,"href":"https:\/\/applytocanada.com\/en\/wp-json\/wp\/v2\/tags?post=5370"}],"curies":[{"name":"wp","href":"https:\/\/api.w.org\/{rel}","templated":true}]}}