{"id":4958,"date":"2022-05-18T00:00:00","date_gmt":"2022-05-17T20:30:00","guid":{"rendered":"https:\/\/applytocanada.com\/canada-supports-the-global-compact-for-migration-2\/"},"modified":"2022-05-18T00:00:00","modified_gmt":"2022-05-17T20:30:00","slug":"canada-supports-the-global-compact-for-migration-2","status":"publish","type":"post","link":"https:\/\/applytocanada.com\/en\/canada-supports-the-global-compact-for-migration-2\/","title":{"rendered":"Canad\u00e1 apoya el Pacto Mundial para la Migraci\u00f3n"},"content":{"rendered":"<h1>El compromiso de Canad\u00e1 con el Pacto Mundial para la Migraci\u00f3n<\/h1>\n<p><strong>De: <a href=\"https:\/\/www.canada.ca\/en\/immigration-refugees-citizenship.html\" rel=\"nofollow noopener\" target=\"_blank\">Inmigraci\u00f3n, Refugiados y Ciudadan\u00eda de Canad\u00e1<\/a><\/strong><\/p>\n<h2>Comunicado de prensa<\/h2>\n<p>Los migrantes dan forma significativa a la identidad nacional de Canad\u00e1 y contribuyen enormemente a su desarrollo. Son vitales para el crecimiento econ\u00f3mico de Canad\u00e1 al abordar la escasez de mano de obra y mejorar la diversidad cultural.<\/p>\n<p><strong>19 de mayo de 2022\u2014Nueva York\u2014<\/strong> En el Foro de Revisi\u00f3n de la Migraci\u00f3n Internacional, el Ministro de Inmigraci\u00f3n de Canad\u00e1, Sean Fraser, reafirm\u00f3 el compromiso de Canad\u00e1 con el Pacto Mundial para la Migraci\u00f3n (GCM) con cuatro promesas estrat\u00e9gicas.<\/p>\n<h2>Las promesas estrat\u00e9gicas de Canad\u00e1<\/h2>\n<h3>Migraci\u00f3n sensible al g\u00e9nero<\/h3>\n<p>Canad\u00e1 est\u00e1 dedicado a fomentar iniciativas de migraci\u00f3n sensibles al g\u00e9nero a trav\u00e9s del <a href=\"https:\/\/gendermigrationhub.org\/\" rel=\"nofollow noopener\" target=\"_blank\">Centro de G\u00e9nero + Migraci\u00f3n<\/a>. Esto apoya a los pa\u00edses en el desarrollo de estrategias de migraci\u00f3n efectivas basadas en el g\u00e9nero.<\/p>\n<h3>Promoci\u00f3n de narrativas positivas sobre la migraci\u00f3n<\/h3>\n<p>Canad\u00e1 mejorar\u00e1 el respaldo financiero para la campa\u00f1a <a href=\"https:\/\/www.iom.int\/it-takes-community\" rel=\"nofollow noopener\" target=\"_blank\">It Takes a Community<\/a>. Esta iniciativa, liderada por la Organizaci\u00f3n Internacional para las Migraciones, tiene como objetivo crear narrativas positivas, combatir la xenofobia y construir comunidades inclusivas.<\/p>\n<h3>Apoyo a la migraci\u00f3n en las Am\u00e9ricas<\/h3>\n<p>Otra promesa implica apoyar proyectos en las Am\u00e9ricas para mejorar la integraci\u00f3n socioecon\u00f3mica y el reclutamiento justo de migrantes, particularmente de Am\u00e9rica Central y Venezuela.<\/p>\n<h3>Asistencia a mujeres y ni\u00f1as vulnerables<\/h3>\n<p>Canad\u00e1 tambi\u00e9n respaldar\u00e1 actividades para ayudar a mujeres y ni\u00f1as afectadas por la migraci\u00f3n irregular en Am\u00e9rica Central, como parte de un <a href=\"https:\/\/www.canada.ca\/en\/immigration-refugees-citizenship\/news\/2021\/12\/canada-launches-new-initiative-to-protectvulnerable-women-and-girls-in-central-america.html\" rel=\"nofollow noopener\" target=\"_blank\">proyecto de $10 millones<\/a> anunciado el a\u00f1o pasado.<\/p>\n<h2>Citas<\/h2>\n<blockquote>\n<p>\u201cA medida que la econom\u00eda global navega en una era post-pand\u00e9mica, una migraci\u00f3n bien gestionada es clave para el desarrollo socioecon\u00f3mico a nivel mundial. El apoyo inquebrantable de Canad\u00e1 al Pacto es vital mientras sentamos las bases para un futuro pr\u00f3spero.\u201d<\/p>\n<p>\u2013 El Honorable Sean Fraser, Ministro de Inmigraci\u00f3n, Refugiados y Ciudadan\u00eda<\/p>\n<\/blockquote>\n<h2>Datos r\u00e1pidos<\/h2>\n<ul>\n<li>El Pacto Mundial para la Migraci\u00f3n busca mejorar la cooperaci\u00f3n en la migraci\u00f3n, destacando los desaf\u00edos y los beneficios de sistemas bien gestionados.<\/li>\n<li>La participaci\u00f3n de Canad\u00e1 en el Pacto es co-liderada por Inmigraci\u00f3n, Refugiados y Ciudadan\u00eda de Canad\u00e1 y Asuntos Globales Canad\u00e1.<\/li>\n<li>Para 2036, los inmigrantes podr\u00edan constituir hasta el 30% de la poblaci\u00f3n de Canad\u00e1, subrayando el compromiso del pa\u00eds con la diversidad y la inclusi\u00f3n.<\/li>\n<\/ul>\n<h2>Productos relacionados<\/h2>\n<ul>\n<li><a href=\"https:\/\/www.canada.ca\/en\/immigration-refugees-citizenship\/news\/2018\/12\/canada-adopts-historic-agreement-to-address-migration.html\" title=\"Canad\u00e1 adopta un acuerdo hist\u00f3rico para abordar la migraci\u00f3n\" rel=\"nofollow noopener\" target=\"_blank\">Canad\u00e1 adopta un acuerdo hist\u00f3rico para abordar la migraci\u00f3n<\/a><\/li>\n<li><a href=\"https:\/\/www.canada.ca\/en\/immigration-refugees-citizenship\/news\/2021\/12\/canada-launches-new-initiative-to-protectvulnerable-women-and-girls-in-central-america.html\" title=\"Canad\u00e1 lanza una nueva iniciativa para proteger a mujeres y ni\u00f1as vulnerables en Am\u00e9rica Central\" rel=\"nofollow noopener\" target=\"_blank\">Canad\u00e1 lanza una nueva iniciativa para proteger a mujeres y ni\u00f1as vulnerables en Am\u00e9rica Central<\/a><\/li>\n<\/ul>\n<h2>Enlaces asociados<\/h2>\n<ul>\n<li><a href=\"https:\/\/www.iom.int\/global-compact-migration?msclkid=1a83380acd6111ec97a2ddd3bc99260e\" title=\"Pacto Mundial para la Migraci\u00f3n\" rel=\"nofollow noopener\" target=\"_blank\">Pacto Mundial para la Migraci\u00f3n<\/a><\/li>\n<li><a href=\"https:\/\/gendermigrationhub.org\/\" title=\"Centro de G\u00e9nero + Migraci\u00f3n\" rel=\"nofollow noopener\" target=\"_blank\">Centro de G\u00e9nero + Migraci\u00f3n<\/a><\/li>\n<li><a href=\"https:\/\/www.iom.int\/it-takes-community\" title=\"It Takes a Community\" rel=\"nofollow noopener\" target=\"_blank\">It Takes a Community<\/a><\/li>\n<\/ul>\n<h2>Informaci\u00f3n de contacto<\/h2>\n<p><strong>Solo para contacto con medios<\/strong><\/p>\n<p><strong>Aidan Strickland<\/strong><br \/> Secretario de Prensa<br \/> Oficina del Ministro<br \/> Inmigraci\u00f3n, Refugiados y Ciudadan\u00eda de Canad\u00e1<br \/><a href=\"mailto:aidan.strickland@cic.gc.ca\" rel=\"nofollow\" target=\"_blank\">aidan.strickland@cic.gc.ca<\/a><\/p>\n<p><strong>Relaciones con los medios<\/strong><br \/> Rama de Comunicaciones<br \/> Inmigraci\u00f3n, Refugiados y Ciudadan\u00eda de Canad\u00e1<br \/> 613-952-1650<br \/><a href=\"mailto:IRCC.COMMMediaRelations-RelationsmediasCOMM.IRCC@cic.gc.ca\" rel=\"nofollow\" target=\"_blank\">IRCC.COMMMediaRelations-RelationsmediasCOMM.IRCC@cic.gc.ca<\/a><\/p>\n<p><strong>Relaciones con los medios<\/strong><br \/> Asuntos Globales Canad\u00e1<br \/><a href=\"mailto:media@international.gc.ca\" rel=\"nofollow\" target=\"_blank\">media@international.gc.ca<\/a><\/p>\n<h2>Preguntas frecuentes<\/h2>\n<h3>\u00bfQu\u00e9 es el Pacto Mundial para la Migraci\u00f3n?<\/h3>\n<p>El Pacto Mundial para la Migraci\u00f3n es un marco para mejorar la cooperaci\u00f3n internacional en materia de migraci\u00f3n, enfatizando tanto los desaf\u00edos como los beneficios de las v\u00edas de migraci\u00f3n regular.<\/p>\n<h3>\u00bfC\u00f3mo est\u00e1 Canad\u00e1 apoyando la migraci\u00f3n en las Am\u00e9ricas?<\/h3>\n<p>Canad\u00e1 est\u00e1 respaldando proyectos para mejorar la integraci\u00f3n socioecon\u00f3mica de migrantes de Am\u00e9rica Central y Venezuela, fomentando la movilidad laboral y las pr\u00e1cticas de reclutamiento justo.<\/p>\n<h3>\u00bfQu\u00e9 iniciativas existen para mujeres y ni\u00f1as vulnerables?<\/h3>\n<p>Canad\u00e1 ha lanzado un proyecto de $10 millones para apoyar a mujeres y ni\u00f1as afectadas por la migraci\u00f3n irregular en Am\u00e9rica Central, con el objetivo de mejorar sus condiciones de vida y protecci\u00f3n.<\/p>\n","protected":false},"excerpt":{"rendered":"<p>Los migrantes son una parte importante de nuestra identidad nacional y han contribuido en gran medida al crecimiento de Canad\u00e1. Son una fuente de fortaleza para Canad\u00e1, ya que los migrantes ayudan a impulsar el crecimiento econ\u00f3mico al llenar los vac\u00edos en la fuerza laboral y mantener el crecimiento poblacional mientras contribuyen a la s\u00f3lida base cultural de nuestra naci\u00f3n. &#8230; <a class=\"cz_readmore\" href=\"https:\/\/applytocanada.com\/en\/canada-supports-the-global-compact-for-migration-2\/\"><i class=\"fa czico-Icon-Navigation-Chevron-Right\" aria-hidden=\"true\"><\/i><span>Read More<\/span><\/a><\/p>\n","protected":false},"author":4,"featured_media":4956,"comment_status":"closed","ping_status":"closed","sticky":false,"template":"","format":"standard","meta":{"footnotes":""},"categories":[89],"tags":[],"class_list":["post-4958","post","type-post","status-publish","format-standard","has-post-thumbnail","hentry","category-immigration"],"_links":{"self":[{"href":"https:\/\/applytocanada.com\/en\/wp-json\/wp\/v2\/posts\/4958","targetHints":{"allow":["GET"]}}],"collection":[{"href":"https:\/\/applytocanada.com\/en\/wp-json\/wp\/v2\/posts"}],"about":[{"href":"https:\/\/applytocanada.com\/en\/wp-json\/wp\/v2\/types\/post"}],"author":[{"embeddable":true,"href":"https:\/\/applytocanada.com\/en\/wp-json\/wp\/v2\/users\/4"}],"replies":[{"embeddable":true,"href":"https:\/\/applytocanada.com\/en\/wp-json\/wp\/v2\/comments?post=4958"}],"version-history":[{"count":0,"href":"https:\/\/applytocanada.com\/en\/wp-json\/wp\/v2\/posts\/4958\/revisions"}],"wp:featuredmedia":[{"embeddable":true,"href":"https:\/\/applytocanada.com\/en\/wp-json\/wp\/v2\/media\/4956"}],"wp:attachment":[{"href":"https:\/\/applytocanada.com\/en\/wp-json\/wp\/v2\/media?parent=4958"}],"wp:term":[{"taxonomy":"category","embeddable":true,"href":"https:\/\/applytocanada.com\/en\/wp-json\/wp\/v2\/categories?post=4958"},{"taxonomy":"post_tag","embeddable":true,"href":"https:\/\/applytocanada.com\/en\/wp-json\/wp\/v2\/tags?post=4958"}],"curies":[{"name":"wp","href":"https:\/\/api.w.org\/{rel}","templated":true}]}}