{"id":4897,"date":"2022-06-30T00:00:00","date_gmt":"2022-06-29T20:30:00","guid":{"rendered":"https:\/\/applytocanada.com\/afghan-newcomers-to-celebrate-first-canada-day-2\/"},"modified":"2022-06-30T00:00:00","modified_gmt":"2022-06-29T20:30:00","slug":"afghan-newcomers-to-celebrate-first-canada-day-2","status":"publish","type":"post","link":"https:\/\/applytocanada.com\/en\/afghan-newcomers-to-celebrate-first-canada-day-2\/","title":{"rendered":"Les nouveaux arrivants afghans c\u00e9l\u00e8brent leur premi\u00e8re f\u00eate du Canada"},"content":{"rendered":"<h1>Les nouveaux arrivants afghans c\u00e9l\u00e8brent leur premi\u00e8re f\u00eate du Canada<\/h1>\n<p><strong>De : <a href=\"https:\/\/www.canada.ca\/fr\/immigration-refugies-citoyennete.html\" rel=\"nofollow noopener\" target=\"_blank\">Immigration, R\u00e9fugi\u00e9s et Citoyennet\u00e9 Canada<\/a><\/strong><\/p>\n<h2>Des nouvelles bienvenues pour les r\u00e9fugi\u00e9s afghans<\/h2>\n<p>Le gouvernement canadien travaille avec diligence pour r\u00e9installer un minimum de 40 000 ressortissants afghans de mani\u00e8re efficace et s\u00e9curis\u00e9e. Plus de 16 270 r\u00e9fugi\u00e9s afghans se sont d\u00e9j\u00e0 install\u00e9s au Canada depuis ao\u00fbt dernier, et demain marque leurs premi\u00e8res c\u00e9l\u00e9brations de la f\u00eate du Canada dans leurs nouveaux foyers.<\/p>\n<p>Nous exprimons nos sinc\u00e8res remerciements aux prestataires de services d&#8217;\u00e9tablissement qui illustrent la g\u00e9n\u00e9rosit\u00e9 canadienne. Une illustration notable est l&#8217;<a href=\"https:\/\/www.ancnl.ca\/\" rel=\"nofollow noopener\" target=\"_blank\">Association for New Canadians<\/a> \u00e0 St. John\u2019s, Terre-Neuve-et-Labrador. Ils organiseront la journ\u00e9e annuelle des sports familiaux multiculturels le 30 juin, favorisant les liens communautaires entre les nouveaux arrivants et les habitants. Cet \u00e9v\u00e9nement propose des divertissements gratuits et des jeux pour les enfants nouveaux arrivants, gr\u00e2ce \u00e0 une collaboration avec une entreprise locale.<\/p>\n<h2>Le parcours des nouveaux arrivants afghans<\/h2>\n<p>Parmi ceux qui c\u00e9l\u00e8brent leur premi\u00e8re f\u00eate du Canada se trouve M. Farhad Iqbal, ancien interpr\u00e8te pour les Forces arm\u00e9es canadiennes. M. Iqbal et sa famille, arriv\u00e9s au Canada en ao\u00fbt 2021, ont rapidement adopt\u00e9 la vie canadienne. Il a trouv\u00e9 un emploi et s&#8217;est engag\u00e9 dans la communaut\u00e9, appr\u00e9ciant les gens accueillants du Canada, l&#8217;air pur, les structures historiques et le d\u00e9licieux sirop d&#8217;\u00e9rable. Alors qu&#8217;ils se pr\u00e9parent pour la f\u00eate du Canada, M. Iqbal et sa famille sont reconnaissants pour l&#8217;accueil chaleureux et la s\u00e9curit\u00e9 que le Canada offre.<\/p>\n<p>\u00ab Le Canada a de magnifiques lacs et l&#8217;air le plus pur du monde. Nous sommes heureux ici et appr\u00e9cions le mode de vie. Je travaille et \u00e9tudie, et je pr\u00e9vois \u00e9galement de poursuivre des \u00e9tudes sup\u00e9rieures pour contribuer \u00e0 l&#8217;avenir du Canada. \u00bb<\/p>\n<p>\u2013 Farhad Iqbal, nouveau venu afghan c\u00e9l\u00e9brant sa premi\u00e8re f\u00eate du Canada<\/p>\n<p>\u00c0 travers le Canada, les r\u00e9fugi\u00e9s afghans ont trouv\u00e9 des foyers dans plus de 90 communaut\u00e9s, des grandes villes comme Toronto et Vancouver aux petites villes comme Red Deer et Fredericton. Le gouvernement collabore avec les provinces, les territoires, les prestataires de services d&#8217;\u00e9tablissement et les parties prenantes pour int\u00e9grer les r\u00e9fugi\u00e9s afghans dans la soci\u00e9t\u00e9 canadienne. D\u00e9couvrez comment <a href=\"https:\/\/www.canada.ca\/fr\/immigration-refugies-citoyennete\/services\/citoyennete-canadienne\/participer-citoyennete\/fete-du-canada.html\" rel=\"nofollow noopener\" target=\"_blank\">c\u00e9l\u00e9brer votre citoyennet\u00e9 lors de la f\u00eate du Canada<\/a> et d\u00e9couvrez les histoires d&#8217;autres nouveaux arrivants afghans sur notre <a href=\"https:\/\/www.canada.ca\/fr\/immigration-refugies-citoyennete\/services\/refugies\/afghanistan\/parcours.html\" rel=\"nofollow noopener\" target=\"_blank\">page Suivez le parcours<\/a>.<\/p>\n<p>Les images des arriv\u00e9es afghanes sont <a href=\"https:\/\/www.dropbox.com\/sh\/o7eh9s36ab9f3ah\/AAChIPU2zCLLfTZRYEnGza5Oa?dl=0\" rel=\"nofollow noopener\" target=\"_blank\">disponibles sur Dropbox pour un usage m\u00e9diatique<\/a>. Suivez <a href=\"https:\/\/www.canada.ca\/fr\/immigration-refugies-citoyennete\/services\/refugies\/afghanistan.html\" rel=\"nofollow noopener\" target=\"_blank\">les progr\u00e8s du Canada dans l&#8217;accueil des r\u00e9fugi\u00e9s afghans<\/a>.<\/p>\n<h2>Message du ministre<\/h2>\n<blockquote>\n<p>\u00ab Alors que nous nous r\u00e9unissons pour la f\u00eate du Canada, c\u00e9l\u00e9brons notre beau pays accueillant et soulignons la richesse de sa diversit\u00e9 culturelle d&#8217;un oc\u00e9an \u00e0 l&#8217;autre. Notre engagement fort et partag\u00e9 pour aider les plus vuln\u00e9rables du monde nous a permis de devenir un leader mondial en mati\u00e8re de r\u00e9installation des r\u00e9fugi\u00e9s. Je suis fier que tant de r\u00e9fugi\u00e9s afghans aient \u00e9t\u00e9 accueillis \u00e0 bras ouverts dans des communaut\u00e9s \u00e0 travers le pays et puissent d\u00e9sormais appeler le Canada leur foyer. Nous continuerons \u00e0 travailler dur pour r\u00e9installer les r\u00e9fugi\u00e9s afghans et veiller \u00e0 ce qu&#8217;ils puissent trouver un refuge s\u00fbr. \u00bb<\/p>\n<p>\u2013 L&#8217;honorable Sean Fraser, ministre de l&#8217;Immigration, des R\u00e9fugi\u00e9s et de la Citoyennet\u00e9<\/p>\n<\/blockquote>\n<h2>Principaux points \u00e0 retenir<\/h2>\n<ul>\n<li>\n<p>Les r\u00e9fugi\u00e9s r\u00e9install\u00e9s deviennent r\u00e9sidents permanents via le <a href=\"https:\/\/www.canada.ca\/fr\/immigration-refugies-citoyennete\/services\/refugies\/reinstaller-refugie\/programme-refugies-aide-gouvernement.html\" rel=\"nofollow noopener\" target=\"_blank\">Programme des r\u00e9fugi\u00e9s parrain\u00e9s par le gouvernement<\/a> ou le <a href=\"https:\/\/www.canada.ca\/fr\/immigration-refugies-citoyennete\/services\/refugies\/parrainer-refugie\/programme-parrainage-prive.html\" rel=\"nofollow noopener\" target=\"_blank\">Programme de parrainage priv\u00e9 de r\u00e9fugi\u00e9s<\/a>. Ils obtiennent le droit de vivre, de travailler ou d&#8217;\u00e9tudier n&#8217;importe o\u00f9 au Canada avec une protection l\u00e9gale en vertu de la loi canadienne et de la Charte canadienne des droits et libert\u00e9s.<\/p>\n<\/li>\n<li>\n<p>Tous les nouveaux arrivants sont encourag\u00e9s \u00e0 participer \u00e0 leurs premi\u00e8res <a href=\"https:\/\/www.canada.ca\/fr\/patrimoine-canadien\/campagnes\/fete-du-canada.html\" rel=\"nofollow noopener\" target=\"_blank\">festivit\u00e9s de la f\u00eate du Canada<\/a>. Le 1er juillet 2022 marque le 155e anniversaire de la Conf\u00e9d\u00e9ration.<\/p>\n<\/li>\n<\/ul>\n<h2>Ressources connexes<\/h2>\n<ul>\n<li>\n        <a href=\"https:\/\/www.canada.ca\/fr\/immigration-refugies-citoyennete\/services\/refugies\/afghanistan.html\" title=\"R\u00e9ponse du Canada \u00e0 la situation en Afghanistan\" rel=\"nofollow noopener\" target=\"_blank\">R\u00e9ponse du Canada \u00e0 la situation en Afghanistan<\/a>\n    <\/li>\n<li>\n        <a href=\"https:\/\/www.canada.ca\/fr\/patrimoine-canadien\/campagnes\/fete-du-canada.html\" title=\"Festivit\u00e9s de la f\u00eate du Canada du Patrimoine canadien\" rel=\"nofollow noopener\" target=\"_blank\">Festivit\u00e9s de la f\u00eate du Canada du Patrimoine canadien<\/a>\n    <\/li>\n<\/ul>\n<h2>Coordonn\u00e9es<\/h2>\n<p><strong>Contacts pour les m\u00e9dias uniquement<\/strong><\/p>\n<p><strong>Aidan Strickland<\/strong><br \/> Secr\u00e9taire de presse<br \/> Bureau du ministre<br \/> Immigration, R\u00e9fugi\u00e9s et Citoyennet\u00e9 Canada<br \/><a href=\"mailto:Aidan.Strickland@cic.gc.ca\" rel=\"nofollow\" target=\"_blank\">aidan.strickland@cic.gc.ca<\/a><\/p>\n<p><strong>Relations avec les m\u00e9dias<\/strong><br \/> Direction g\u00e9n\u00e9rale des communications<br \/> Immigration, R\u00e9fugi\u00e9s et Citoyennet\u00e9 Canada<br \/> 613-952-1650<br \/><a href=\"mailto:IRCC.COMMMediaRelations-RelationsmediasCOMM.IRCC@cic.gc.ca\" rel=\"nofollow\" target=\"_blank\">IRCC.COMMMediaRelations-RelationsmediasCOMM.IRCC@cic.gc.ca<\/a><\/p>\n<h2>FAQ<\/h2>\n<h3>Combien de r\u00e9fugi\u00e9s afghans le Canada a-t-il accueillis ?<\/h3>\n<p>Le Canada a accueilli plus de 16 270 r\u00e9fugi\u00e9s afghans depuis ao\u00fbt dernier, avec des efforts continus pour en r\u00e9installer au moins 40 000.<\/p>\n<h3>Quels programmes soutiennent les r\u00e9fugi\u00e9s afghans au Canada ?<\/h3>\n<p>Les r\u00e9fugi\u00e9s afghans sont soutenus par le Programme des r\u00e9fugi\u00e9s parrain\u00e9s par le gouvernement et le Programme de parrainage priv\u00e9 de r\u00e9fugi\u00e9s, leur offrant la r\u00e9sidence et la protection en vertu de la loi canadienne.<\/p>\n<h3>Comment les nouveaux arrivants afghans c\u00e9l\u00e8brent-ils la f\u00eate du Canada ?<\/h3>\n<p>De nombreux nouveaux arrivants afghans, comme M. Farhad Iqbal et sa famille, participent \u00e0 des \u00e9v\u00e9nements locaux tels que la journ\u00e9e des sports familiaux multiculturels, c\u00e9l\u00e9brant leur premi\u00e8re f\u00eate du Canada dans leurs nouvelles communaut\u00e9s.<\/p>\n<p>Pour plus d&#8217;informations, <a href=\"[Link to Immigration Guide]\">lisez notre guide de l&#8217;immigration<\/a>.<\/p>\n","protected":false},"excerpt":{"rendered":"<p>Le gouvernement du Canada continue de travailler dur pour r\u00e9installer au moins 40 000 ressortissants afghans aussi rapidement et en toute s\u00e9curit\u00e9 que possible. Pour les plus de 16 270 r\u00e9fugi\u00e9s afghans qui ont atterri au Canada depuis ao\u00fbt dernier, les festivit\u00e9s de demain marqueront leur premi\u00e8re f\u00eate du Canada dans leurs nouvelles communaut\u00e9s. &#8230; <a class=\"cz_readmore\" href=\"https:\/\/applytocanada.com\/en\/afghan-newcomers-to-celebrate-first-canada-day-2\/\"><i class=\"fa czico-Icon-Navigation-Chevron-Right\" aria-hidden=\"true\"><\/i><span>Read More<\/span><\/a><\/p>\n","protected":false},"author":4,"featured_media":4895,"comment_status":"closed","ping_status":"closed","sticky":false,"template":"","format":"standard","meta":{"footnotes":""},"categories":[89],"tags":[],"class_list":["post-4897","post","type-post","status-publish","format-standard","has-post-thumbnail","hentry","category-immigration"],"_links":{"self":[{"href":"https:\/\/applytocanada.com\/en\/wp-json\/wp\/v2\/posts\/4897","targetHints":{"allow":["GET"]}}],"collection":[{"href":"https:\/\/applytocanada.com\/en\/wp-json\/wp\/v2\/posts"}],"about":[{"href":"https:\/\/applytocanada.com\/en\/wp-json\/wp\/v2\/types\/post"}],"author":[{"embeddable":true,"href":"https:\/\/applytocanada.com\/en\/wp-json\/wp\/v2\/users\/4"}],"replies":[{"embeddable":true,"href":"https:\/\/applytocanada.com\/en\/wp-json\/wp\/v2\/comments?post=4897"}],"version-history":[{"count":0,"href":"https:\/\/applytocanada.com\/en\/wp-json\/wp\/v2\/posts\/4897\/revisions"}],"wp:featuredmedia":[{"embeddable":true,"href":"https:\/\/applytocanada.com\/en\/wp-json\/wp\/v2\/media\/4895"}],"wp:attachment":[{"href":"https:\/\/applytocanada.com\/en\/wp-json\/wp\/v2\/media?parent=4897"}],"wp:term":[{"taxonomy":"category","embeddable":true,"href":"https:\/\/applytocanada.com\/en\/wp-json\/wp\/v2\/categories?post=4897"},{"taxonomy":"post_tag","embeddable":true,"href":"https:\/\/applytocanada.com\/en\/wp-json\/wp\/v2\/tags?post=4897"}],"curies":[{"name":"wp","href":"https:\/\/api.w.org\/{rel}","templated":true}]}}