{"id":4890,"date":"2022-08-16T00:00:00","date_gmt":"2022-08-15T20:30:00","guid":{"rendered":"https:\/\/applytocanada.com\/canada-continues-to-improve-the-socio-economic-integration-of-migrants-and-refugees-in-latin-america-2\/"},"modified":"2022-08-16T00:00:00","modified_gmt":"2022-08-15T20:30:00","slug":"canada-continues-to-improve-the-socio-economic-integration-of-migrants-and-refugees-in-latin-america-2","status":"publish","type":"post","link":"https:\/\/applytocanada.com\/en\/canada-continues-to-improve-the-socio-economic-integration-of-migrants-and-refugees-in-latin-america-2\/","title":{"rendered":"Canad\u00e1 sigue mejorando la integraci\u00f3n socioecon\u00f3mica de migrantes y refugiados en Am\u00e9rica Latina"},"content":{"rendered":"<h1>Mejorando la Integraci\u00f3n Socioecon\u00f3mica de Migrantes y Refugiados en Am\u00e9rica Latina<\/h1>\n<p><strong>De: <a href=\"https:\/\/www.canada.ca\/en\/immigration-refugees-citizenship.html\" rel=\"nofollow noopener\" target=\"_blank\">Inmigraci\u00f3n, Refugiados y Ciudadan\u00eda de Canad\u00e1<\/a><\/strong><\/p>\n<h2>Comunicado de Prensa<\/h2>\n<p>Canad\u00e1 prospera gracias a su diversidad, que fortalece nuestra sociedad y promueve los derechos humanos, el crecimiento econ\u00f3mico y la riqueza cultural. Este compromiso con la inclusi\u00f3n se comparte con nuestros socios latinoamericanos, a pesar de los desaf\u00edos de la regi\u00f3n con la movilidad humana.<\/p>\n<p>Los refugiados y migrantes en Am\u00e9rica Latina a menudo enfrentan reclutamiento injusto, protecciones sociales limitadas y xenofobia. Para abordar estos problemas, el Ministro de Inmigraci\u00f3n, Refugiados y Ciudadan\u00eda de Canad\u00e1, Sean Fraser, reconoce la exitosa iniciativa de la Organizaci\u00f3n Internacional del Trabajo (OIT) apoyada por Canad\u00e1 para integrar a los migrantes y refugiados venezolanos.<\/p>\n<p>Bas\u00e1ndose en estos esfuerzos, Canad\u00e1 est\u00e1 lanzando dos nuevos proyectos para mejorar las vidas y oportunidades de los migrantes y personas desplazadas. Estos proyectos tienen como objetivo mejorar el reclutamiento justo e integrar a los migrantes en los mercados laborales de Costa Rica, Guatemala y Honduras. Tambi\u00e9n ayudar\u00e1n a prevenir la trata de personas y el trabajo forzoso.<\/p>\n<p>El segundo proyecto se enfoca en la integraci\u00f3n socioecon\u00f3mica en Colombia y Panam\u00e1 mejorando el reconocimiento de habilidades y las oportunidades de empleo. Los servicios p\u00fablicos de empleo y las instituciones de formaci\u00f3n recibir\u00e1n apoyo para desarrollar programas para trabajadores migrantes.<\/p>\n<h2>Objetivos del Proyecto<\/h2>\n<h3>Mejorar las Pr\u00e1cticas de Reclutamiento Justo<\/h3>\n<p>La primera iniciativa se centra en mejorar las pr\u00e1cticas de reclutamiento y la integraci\u00f3n en el mercado laboral en Costa Rica, Guatemala y Honduras. Al revisar los c\u00f3digos laborales y apoyar la certificaci\u00f3n de habilidades, se busca proteger a los migrantes de la explotaci\u00f3n.<\/p>\n<h3>Mejorar las Oportunidades de Empleo<\/h3>\n<p>En Colombia y Panam\u00e1, el segundo proyecto crea redes para que los servicios p\u00fablicos de empleo reconozcan habilidades, abriendo as\u00ed caminos hacia trabajos decentes. Busca empoderar a refugiados y migrantes, ayud\u00e1ndolos a contribuir a la econom\u00eda.<\/p>\n<h2>Opiniones de Expertos<\/h2>\n<blockquote>\n<p>&#8220;Canad\u00e1 se enorgullece de asociarse con la OIT para promover la integraci\u00f3n socioecon\u00f3mica de refugiados y migrantes en toda Am\u00e9rica Latina, reflejando nuestro compromiso con un futuro diverso y equitativo.&#8221; \u2013 El Honorable Sean Fraser<\/p>\n<\/blockquote>\n<blockquote>\n<p>&#8220;El reclutamiento justo y abordar los aspectos laborales de la migraci\u00f3n son cruciales para la integraci\u00f3n exitosa de los migrantes. Estos proyectos destacan nuestros esfuerzos de colaboraci\u00f3n con la OIT.&#8221; \u2013 Elena Montobbio, Directora de la OIT<\/p>\n<\/blockquote>\n<h2>Datos R\u00e1pidos<\/h2>\n<ul>\n<li>En 2016, la ONU adopt\u00f3 la Declaraci\u00f3n de Nueva York, que condujo al Pacto Mundial para la Migraci\u00f3n y al Pacto Mundial sobre Refugiados.<\/li>\n<li>El Pacto Mundial para la Migraci\u00f3n enfatiza la cooperaci\u00f3n para hacer que la migraci\u00f3n sea beneficiosa y manejable.<\/li>\n<li>El Pacto Mundial sobre Refugiados apoya respuestas integrales y soluciones sostenibles para refugiados y comunidades de acogida.<\/li>\n<li>La participaci\u00f3n de Canad\u00e1 en estos pactos est\u00e1 liderada por Inmigraci\u00f3n, Refugiados y Ciudadan\u00eda de Canad\u00e1 y Asuntos Globales Canad\u00e1.<\/li>\n<\/ul>\n<h2>Productos Relacionados<\/h2>\n<ul>\n<li><a href=\"https:\/\/www.canada.ca\/en\/immigration-refugees-citizenship\/news\/2018\/12\/canada-adopts-historic-agreement-to-address-migration.html\" rel=\"nofollow noopener\" target=\"_blank\">Canad\u00e1 adopta un acuerdo hist\u00f3rico para abordar la migraci\u00f3n<\/a><\/li>\n<li><a href=\"https:\/\/www.canada.ca\/en\/immigration-refugees-citizenship\/news\/2022\/05\/canada-supports-the-global-compact-for-migration.html\" rel=\"nofollow noopener\" target=\"_blank\">Canad\u00e1 apoya el Pacto Mundial para la Migraci\u00f3n<\/a><\/li>\n<li><a href=\"https:\/\/pm.gc.ca\/en\/news\/news-releases\/2022\/06\/10\/prime-minister-strengthens-partnerships-climate-action-democracy\" rel=\"nofollow noopener\" target=\"_blank\">El Primer Ministro fortalece asociaciones en la Cumbre de las Am\u00e9ricas<\/a><\/li>\n<\/ul>\n<h2>Enlaces Asociados<\/h2>\n<ul>\n<li><a href=\"https:\/\/www.iom.int\/global-compact-migration?msclkid=1a83380acd6111ec97a2ddd3bc99260e\" rel=\"nofollow noopener\" target=\"_blank\">Pacto Mundial para la Migraci\u00f3n<\/a><\/li>\n<li><a href=\"https:\/\/www.unhcr.org\/the-global-compact-on-refugees.html\" rel=\"nofollow noopener\" target=\"_blank\">Pacto Mundial sobre Refugiados<\/a><\/li>\n<li><a href=\"https:\/\/www.ilo.org\/global\/lang--en\/index.htm\" rel=\"nofollow noopener\" target=\"_blank\">Organizaci\u00f3n Internacional del Trabajo<\/a><\/li>\n<\/ul>\n<h2>Informaci\u00f3n de Contacto<\/h2>\n<p><strong>Contactos solo para medios<\/strong><\/p>\n<p><strong>Aidan Strickland<\/strong><br \/> Secretario de Prensa<br \/> Oficina del Ministro<br \/> Inmigraci\u00f3n, Refugiados y Ciudadan\u00eda de Canad\u00e1<br \/><a href=\"mailto:aidan.strickland@cic.gc.ca\" rel=\"nofollow\" target=\"_blank\">aidan.strickland@cic.gc.ca<\/a><\/p>\n<p><strong>Relaciones con los Medios<\/strong><br \/> Rama de Comunicaciones<br \/> Inmigraci\u00f3n, Refugiados y Ciudadan\u00eda de Canad\u00e1<br \/> 613-952-1650<br \/><a href=\"mailto:IRCC.COMMMediaRelations-RelationsmediasCOMM.IRCC@cic.gc.ca\" rel=\"nofollow\" target=\"_blank\">IRCC.COMMMediaRelations-RelationsmediasCOMM.IRCC@cic.gc.ca<\/a><\/p>\n<h2>Preguntas Frecuentes<\/h2>\n<h3>\u00bfQu\u00e9 es el Pacto Mundial para la Migraci\u00f3n?<\/h3>\n<p>El Pacto Mundial para la Migraci\u00f3n es una iniciativa de la ONU destinada a mejorar la cooperaci\u00f3n internacional en materia de migraci\u00f3n, haci\u00e9ndola beneficiosa y manejable.<\/p>\n<h3>\u00bfCu\u00e1les son los objetivos de estos proyectos canadienses en Am\u00e9rica Latina?<\/h3>\n<p>Los proyectos tienen como objetivo mejorar el reclutamiento justo, mejorar la integraci\u00f3n en el mercado laboral y prevenir la explotaci\u00f3n de migrantes y refugiados en Am\u00e9rica Latina.<\/p>\n<h3>\u00bfC\u00f3mo apoya Canad\u00e1 los Pactos Mundiales?<\/h3>\n<p>Canad\u00e1 colabora con otras naciones a trav\u00e9s de Inmigraci\u00f3n, Refugiados y Ciudadan\u00eda de Canad\u00e1 y Asuntos Globales Canad\u00e1 para defender los principios de los Pactos Mundiales.<\/p>\n<h3>\u00bfPor qu\u00e9 son importantes estas iniciativas?<\/h3>\n<p>Proporcionan oportunidades socioecon\u00f3micas a los migrantes, ayud\u00e1ndolos a integrarse con \u00e9xito y contribuir a la econom\u00eda local.<\/p>\n<h3>\u00bfC\u00f3mo previenen estos proyectos la trata de personas?<\/h3>\n<p>Promoviendo el reclutamiento justo y mejorando las condiciones laborales, estos proyectos buscan proteger a los migrantes de la explotaci\u00f3n y la trata.<\/p>\n","protected":false},"excerpt":{"rendered":"<p>En Canad\u00e1, la diversidad es una de nuestras mayores fortalezas. Nuestra diversidad, junto con nuestro compromiso con la inclusi\u00f3n y la acogida de otros, conduce a una mayor comprensi\u00f3n y respeto por los derechos humanos, as\u00ed como a otros beneficios econ\u00f3micos, c\u00edvicos y culturales. &#8230; <a class=\"cz_readmore\" href=\"https:\/\/applytocanada.com\/en\/canada-continues-to-improve-the-socio-economic-integration-of-migrants-and-refugees-in-latin-america-2\/\"><i class=\"fa czico-Icon-Navigation-Chevron-Right\" aria-hidden=\"true\"><\/i><span>Read More<\/span><\/a><\/p>\n","protected":false},"author":4,"featured_media":4888,"comment_status":"closed","ping_status":"closed","sticky":false,"template":"","format":"standard","meta":{"footnotes":""},"categories":[89],"tags":[],"class_list":["post-4890","post","type-post","status-publish","format-standard","has-post-thumbnail","hentry","category-immigration"],"_links":{"self":[{"href":"https:\/\/applytocanada.com\/en\/wp-json\/wp\/v2\/posts\/4890","targetHints":{"allow":["GET"]}}],"collection":[{"href":"https:\/\/applytocanada.com\/en\/wp-json\/wp\/v2\/posts"}],"about":[{"href":"https:\/\/applytocanada.com\/en\/wp-json\/wp\/v2\/types\/post"}],"author":[{"embeddable":true,"href":"https:\/\/applytocanada.com\/en\/wp-json\/wp\/v2\/users\/4"}],"replies":[{"embeddable":true,"href":"https:\/\/applytocanada.com\/en\/wp-json\/wp\/v2\/comments?post=4890"}],"version-history":[{"count":0,"href":"https:\/\/applytocanada.com\/en\/wp-json\/wp\/v2\/posts\/4890\/revisions"}],"wp:featuredmedia":[{"embeddable":true,"href":"https:\/\/applytocanada.com\/en\/wp-json\/wp\/v2\/media\/4888"}],"wp:attachment":[{"href":"https:\/\/applytocanada.com\/en\/wp-json\/wp\/v2\/media?parent=4890"}],"wp:term":[{"taxonomy":"category","embeddable":true,"href":"https:\/\/applytocanada.com\/en\/wp-json\/wp\/v2\/categories?post=4890"},{"taxonomy":"post_tag","embeddable":true,"href":"https:\/\/applytocanada.com\/en\/wp-json\/wp\/v2\/tags?post=4890"}],"curies":[{"name":"wp","href":"https:\/\/api.w.org\/{rel}","templated":true}]}}