{"id":4866,"date":"2022-09-21T00:00:00","date_gmt":"2022-09-20T20:30:00","guid":{"rendered":"https:\/\/applytocanada.com\/canada-works-with-partners-to-address-forced-displacement-in-the-americas-2\/"},"modified":"2022-09-21T00:00:00","modified_gmt":"2022-09-20T20:30:00","slug":"canada-works-with-partners-to-address-forced-displacement-in-the-americas-2","status":"publish","type":"post","link":"https:\/\/applytocanada.com\/en\/canada-works-with-partners-to-address-forced-displacement-in-the-americas-2\/","title":{"rendered":"Canada trabaja con socios para abordar el desplazamiento forzado en las Am\u00e9ricas"},"content":{"rendered":"<h1>El papel de Canad\u00e1 en abordar el desplazamiento forzado en las Am\u00e9ricas<\/h1>\n<p><strong>De: <a href=\"https:\/\/www.canada.ca\/en\/immigration-refugees-citizenship.html\" rel=\"nofollow noopener\" target=\"_blank\">Inmigraci\u00f3n, Refugiados y Ciudadan\u00eda de Canad\u00e1<\/a><\/strong><\/p>\n<h2>Compromiso de Canad\u00e1 con las asociaciones globales<\/h2>\n<p>Canad\u00e1 enfatiza la importancia de las asociaciones s\u00f3lidas para enfrentar los desaf\u00edos comunes y trabajar hacia un mundo pospand\u00e9mico pac\u00edfico, equitativo y pr\u00f3spero. Durante su liderazgo en la Plataforma de Apoyo del Marco Integral Regional de Protecci\u00f3n y Soluciones (MIRPS), Canad\u00e1 se centr\u00f3 en proteger y empoderar a mujeres y ni\u00f1as desplazadas por la fuerza en situaciones vulnerables. Canad\u00e1 tambi\u00e9n se comprometi\u00f3 con iniciativas que promueven los derechos humanos, la transparencia, la no discriminaci\u00f3n y la responsabilidad compartida en Centroam\u00e9rica y M\u00e9xico.<\/p>\n<h3>Nuevas iniciativas para apoyar a las personas desplazadas<\/h3>\n<p>En nombre del Honorable Sean Fraser, Ministro de Inmigraci\u00f3n, Refugiados y Ciudadan\u00eda, el Honorable Harjit S. Sajjan anunci\u00f3 tres nuevos proyectos para apoyar a las personas desplazadas y a sus pa\u00edses anfitriones. El primer proyecto, a trav\u00e9s de la Organizaci\u00f3n Internacional para las Migraciones (OIM), abordar\u00e1 las necesidades de las personas vulnerables en Panam\u00e1 y Costa Rica mediante el establecimiento de protocolos de referencia transfronterizos y el fortalecimiento de la capacidad de los actores locales para asistir a los migrantes.<\/p>\n<p>El segundo proyecto tiene como objetivo fortalecer la gesti\u00f3n migratoria en Am\u00e9rica Latina y el Caribe, centr\u00e1ndose en la integraci\u00f3n socioecon\u00f3mica, la lucha contra la xenofobia y la promoci\u00f3n de pr\u00e1cticas de migraci\u00f3n segura. La tercera iniciativa mejorar\u00e1 los esfuerzos de la Agencia de la ONU para los Refugiados para desarrollar la capacidad de asilo en Panam\u00e1, incluyendo la capacitaci\u00f3n para mejorar el procesamiento de solicitudes de asilo.<\/p>\n<p>Estos proyectos de desarrollo de capacidades subrayan el compromiso continuo de Canad\u00e1 con la colaboraci\u00f3n global en respuesta a las crisis de movilidad humana, fomentando la solidaridad a trav\u00e9s de estrategias integrales y coordinadas que abordan el desplazamiento forzado en Centroam\u00e9rica y M\u00e9xico.<\/p>\n<h2>Declaraciones de los l\u00edderes canadienses<\/h2>\n<blockquote>\n<p>\u201cA medida que nuestro mandato como presidente de la Plataforma de Apoyo del MIRPS se acerca a su fin, Canad\u00e1 sigue comprometido en abogar por las mujeres y las ni\u00f1as y garantizar un apoyo sostenible para los refugiados en Centroam\u00e9rica y M\u00e9xico. Los proyectos de hoy reflejan nuestra dedicaci\u00f3n a compartir la responsabilidad y proporcionar caminos hacia la seguridad para los m\u00e1s vulnerables del mundo.\u201d<\/p>\n<p>\u2013 El Honorable Sean Fraser, Ministro de Inmigraci\u00f3n, Refugiados y Ciudadan\u00eda<\/p>\n<\/blockquote>\n<blockquote>\n<p>\u201cCanad\u00e1 est\u00e1 profundamente preocupado por el desplazamiento forzado de m\u00e1s de un mill\u00f3n de personas en Centroam\u00e9rica y M\u00e9xico. Estas personas enfrentan violencia, desigualdad, pobreza e inseguridad alimentaria. A trav\u00e9s de nuestra asociaci\u00f3n con la Plataforma de Apoyo del MIRPS, buscamos abordar las necesidades de los desplazados por la fuerza y apoyar mejor a las comunidades anfitrionas.\u201d<\/p>\n<p>\u2013 Honorable Harjit S. Sajjan, Ministro de Desarrollo Internacional<\/p>\n<\/blockquote>\n<h2>Informaci\u00f3n clave<\/h2>\n<ul>\n<li>El Marco Integral Regional de Protecci\u00f3n y Soluciones (MIRPS) promueve la cooperaci\u00f3n entre pa\u00edses en la gesti\u00f3n del desplazamiento forzado en Centroam\u00e9rica.<\/li>\n<li>La Plataforma de Apoyo del MIRPS, lanzada en diciembre de 2019, incluye miembros como Canad\u00e1, la Uni\u00f3n Europea y los Estados Unidos, con el objetivo de apoyar los esfuerzos de los pa\u00edses del MIRPS.<\/li>\n<li>M\u00e1s de un mill\u00f3n de personas han sido desplazadas en Centroam\u00e9rica y M\u00e9xico debido a la violencia, la desigualdad y la pobreza.<\/li>\n<\/ul>\n<h2>Recursos y lecturas adicionales<\/h2>\n<ul>\n<li><a href=\"https:\/\/www.canada.ca\/en\/immigration-refugees-citizenship\/news\/2022\/08\/canada-continues-to-strengthen-asylum-processing-capacity-intheamericas.html\" rel=\"nofollow noopener\" target=\"_blank\">Canad\u00e1 contin\u00faa fortaleciendo la capacidad de procesamiento de asilo en las Am\u00e9ricas<\/a><\/li>\n<li><a href=\"https:\/\/www.canada.ca\/en\/immigration-refugees-citizenship\/news\/2022\/05\/canada-opens-the-comprehensive-regional-protection-and-solutions-framework-support-platform-signature-event.html\" rel=\"nofollow noopener\" target=\"_blank\">Canad\u00e1 inaugura el evento de firma de la Plataforma de Apoyo del Marco Integral Regional de Protecci\u00f3n y Soluciones<\/a><\/li>\n<li><a href=\"https:\/\/www.canada.ca\/en\/immigration-refugees-citizenship\/news\/2021\/12\/minister-fraser-concludes-successful-first-visit-to-guatemala.html\" rel=\"nofollow noopener\" target=\"_blank\">El Ministro Fraser concluye su exitosa primera visita a Guatemala<\/a><\/li>\n<li><a href=\"https:\/\/www.canada.ca\/en\/immigration-refugees-citizenship\/news\/2021\/12\/canada-launches-new-initiative-to-protectvulnerable-women-and-girls-in-central-america.html\" rel=\"nofollow noopener\" target=\"_blank\">Canad\u00e1 lanza una nueva iniciativa para proteger a las mujeres y ni\u00f1as vulnerables en Centroam\u00e9rica<\/a><\/li>\n<\/ul>\n<h2>Informaci\u00f3n de contacto<\/h2>\n<p><strong>Aidan Strickland<\/strong><br \/>Secretario de Prensa<br \/> Oficina del Ministro, Inmigraci\u00f3n, Refugiados y Ciudadan\u00eda de Canad\u00e1<br \/><a href=\"mailto:aidan.strickland@cic.gc.ca\" rel=\"nofollow\" target=\"_blank\">aidan.strickland@cic.gc.ca<\/a><\/p>\n<p><strong>Relaciones con los medios<\/strong><br \/>Rama de Comunicaciones<br \/> Inmigraci\u00f3n, Refugiados y Ciudadan\u00eda de Canad\u00e1<br \/> 613-952-1650<br \/><a href=\"mailto:IRCC.COMMMediaRelations-RelationsmediasCOMM.IRCC@cic.gc.ca\" rel=\"nofollow\" target=\"_blank\">IRCC.COMMMediaRelations-RelationsmediasCOMM.IRCC@cic.gc.ca<\/a><\/p>\n<h2>Preguntas frecuentes<\/h2>\n<h3>\u00bfQu\u00e9 es el MIRPS?<\/h3>\n<p>El Marco Integral Regional de Protecci\u00f3n y Soluciones (MIRPS) es parte del Pacto Mundial sobre Refugiados, promoviendo la cooperaci\u00f3n regional para apoyar a las personas desplazadas en Centroam\u00e9rica.<\/p>\n<h3>\u00bfQui\u00e9nes son los miembros actuales de la Plataforma de Apoyo del MIRPS?<\/h3>\n<p>La plataforma incluye pa\u00edses como Canad\u00e1, Argentina, Brasil, y organizaciones como la Uni\u00f3n Europea y la Agencia de la ONU para los Refugiados.<\/p>\n<h3>\u00bfQu\u00e9 desaf\u00edos enfrentan las personas desplazadas en Centroam\u00e9rica?<\/h3>\n<p>Las personas desplazadas a menudo enfrentan violencia, desigualdad, pobreza e inseguridad alimentaria, lo que las obliga a abandonar sus hogares.<\/p>\n<h3>\u00bfC\u00f3mo est\u00e1 Canad\u00e1 apoyando a las personas desplazadas en Centroam\u00e9rica?<\/h3>\n<p>Canad\u00e1 est\u00e1 implementando proyectos para mejorar la gesti\u00f3n migratoria, el procesamiento de asilo y el apoyo a los migrantes vulnerables en la regi\u00f3n.<\/p>\n<h3>\u00bfD\u00f3nde puedo encontrar m\u00e1s informaci\u00f3n sobre las iniciativas de Canad\u00e1?<\/h3>\n<p>Para m\u00e1s detalles, explore el <a href=\"https:\/\/mirps-platform.org\/en\/what-is-the-mirps\/\" rel=\"nofollow noopener\" target=\"_blank\">sitio web del MIRPS<\/a> o visite la <a href=\"[Link to Immigration Guide]\">Gu\u00eda de Inmigraci\u00f3n<\/a>.<\/p>\n","protected":false},"excerpt":{"rendered":"<p>Canad\u00e1 reconoce que las asociaciones s\u00f3lidas son clave para abordar los desaf\u00edos compartidos y avanzar en el objetivo com\u00fan de construir un mundo pospand\u00e9mico m\u00e1s pac\u00edfico, equitativo y pr\u00f3spero. &#8230; <a class=\"cz_readmore\" href=\"https:\/\/applytocanada.com\/en\/canada-works-with-partners-to-address-forced-displacement-in-the-americas-2\/\"><i class=\"fa czico-Icon-Navigation-Chevron-Right\" aria-hidden=\"true\"><\/i><span>Read More<\/span><\/a><\/p>\n","protected":false},"author":4,"featured_media":4864,"comment_status":"closed","ping_status":"closed","sticky":false,"template":"","format":"standard","meta":{"footnotes":""},"categories":[89],"tags":[],"class_list":["post-4866","post","type-post","status-publish","format-standard","has-post-thumbnail","hentry","category-immigration"],"_links":{"self":[{"href":"https:\/\/applytocanada.com\/en\/wp-json\/wp\/v2\/posts\/4866","targetHints":{"allow":["GET"]}}],"collection":[{"href":"https:\/\/applytocanada.com\/en\/wp-json\/wp\/v2\/posts"}],"about":[{"href":"https:\/\/applytocanada.com\/en\/wp-json\/wp\/v2\/types\/post"}],"author":[{"embeddable":true,"href":"https:\/\/applytocanada.com\/en\/wp-json\/wp\/v2\/users\/4"}],"replies":[{"embeddable":true,"href":"https:\/\/applytocanada.com\/en\/wp-json\/wp\/v2\/comments?post=4866"}],"version-history":[{"count":0,"href":"https:\/\/applytocanada.com\/en\/wp-json\/wp\/v2\/posts\/4866\/revisions"}],"wp:featuredmedia":[{"embeddable":true,"href":"https:\/\/applytocanada.com\/en\/wp-json\/wp\/v2\/media\/4864"}],"wp:attachment":[{"href":"https:\/\/applytocanada.com\/en\/wp-json\/wp\/v2\/media?parent=4866"}],"wp:term":[{"taxonomy":"category","embeddable":true,"href":"https:\/\/applytocanada.com\/en\/wp-json\/wp\/v2\/categories?post=4866"},{"taxonomy":"post_tag","embeddable":true,"href":"https:\/\/applytocanada.com\/en\/wp-json\/wp\/v2\/tags?post=4866"}],"curies":[{"name":"wp","href":"https:\/\/api.w.org\/{rel}","templated":true}]}}