{"id":4583,"date":"2023-10-30T00:00:00","date_gmt":"2023-10-29T20:30:00","guid":{"rendered":"https:\/\/applytocanada.com\/canada-meets-commitment-to-welcome-40000-vulnerable-afghans-2\/"},"modified":"2023-10-30T00:00:00","modified_gmt":"2023-10-29T20:30:00","slug":"canada-meets-commitment-to-welcome-40000-vulnerable-afghans-2","status":"publish","type":"post","link":"https:\/\/applytocanada.com\/en\/canada-meets-commitment-to-welcome-40000-vulnerable-afghans-2\/","title":{"rendered":"Canad\u00e1 cumple compromiso de acoger a 40,000 afganos vulnerables"},"content":{"rendered":"<h1>El Compromiso de Canad\u00e1 de Acoger a 40,000 Afganos Vulnerables<\/h1>\n<p><strong>De: <a href=\"https:\/\/www.canada.ca\/en\/immigration-refugees-citizenship.html\" rel=\"nofollow noopener\" target=\"_blank\">Inmigraci\u00f3n, Refugiados y Ciudadan\u00eda de Canad\u00e1<\/a><\/strong><\/p>\n<h2>Comunicado de Prensa<\/h2>\n<p>El gobierno canadiense ha mantenido consistentemente su reputaci\u00f3n de acoger a las personas m\u00e1s vulnerables del mundo.<\/p>\n<p><strong>30 de octubre de 2023\u2014Ottawa\u2014<\/strong> Cuando los talibanes tomaron el control de Afganist\u00e1n en agosto de 2021, Canad\u00e1 respondi\u00f3 a la crisis subsiguiente extendiendo un apoyo crucial a los afganos. Esta iniciativa se deriva de nuestros lazos duraderos con Afganist\u00e1n y nuestro compromiso de ayudar a aquellos que sirvieron junto a nosotros.<\/p>\n<p>El Honorable Marc Miller, Ministro de Inmigraci\u00f3n, Refugiados y Ciudadan\u00eda, anunci\u00f3 recientemente que Canad\u00e1 ha cumplido con \u00e9xito su objetivo de reasentar al menos a 40,000 afganos vulnerables desde agosto de 2021. Este esfuerzo es parte de uno de los programas de reasentamiento afgano m\u00e1s grandes a nivel mundial.<\/p>\n<p>El gobierno canadiense contin\u00faa priorizando el procesamiento de solicitudes elegibles bajo medidas especiales afganas. Este logro fue posible gracias a la cooperaci\u00f3n con varios socios, incluidos pa\u00edses regionales, la Agencia de la ONU para los Refugiados y numerosas organizaciones no gubernamentales.<\/p>\n<h2>Apoyo Continuo para los Nuevos Llegados Afganos<\/h2>\n<p>A medida que los nuevos llegados afganos se integran en la sociedad canadiense, reciben apoyo de los gobiernos provinciales, territoriales y municipales, junto con la sociedad civil. Muchos canadienses han patrocinado a refugiados afganos, y los proveedores de servicios de reasentamiento ofrecen servicios esenciales como vivienda temporal, atenci\u00f3n m\u00e9dica, educaci\u00f3n y capacitaci\u00f3n en habilidades. Estos esfuerzos colectivos han permitido que los afganos no solo se establezcan, sino que prosperen en m\u00e1s de 180 comunidades en todo Canad\u00e1.<\/p>\n<h3>Citas de Figuras Clave<\/h3>\n<blockquote>\n<p>&#8220;Las acciones continuas de los talibanes en Afganist\u00e1n afectan gravemente los derechos y libertades del pueblo afgano, especialmente de mujeres y ni\u00f1as. Acoger a m\u00e1s de 40,000 afganos en Canad\u00e1 es un logro notable, y seguimos comprometidos a traer a m\u00e1s a un lugar seguro. Los canadienses y las organizaciones de reasentamiento han sido invaluables en esta misi\u00f3n.&#8221; \u2013 El Honorable Marc Miller, Ministro de Inmigraci\u00f3n, Refugiados y Ciudadan\u00eda<\/p>\n<\/blockquote>\n<blockquote>\n<p>&#8220;Canad\u00e1 establece un punto de referencia global para reasentar de manera segura a afganos vulnerables y refugiados. En la OIM nos sentimos honrados de colaborar con el gobierno canadiense, asegurando que los refugiados tengan la oportunidad de prosperar en sus nuevas comunidades. Nuestra asociaci\u00f3n es un testimonio del impacto positivo de tales esfuerzos.&#8221; \u2013 Amy Pope, Directora General, Organizaci\u00f3n Internacional para las Migraciones<\/p>\n<\/blockquote>\n<h2>Datos R\u00e1pidos<\/h2>\n<ul>\n<li>El esfuerzo de reasentamiento afgano de Canad\u00e1 es uno de los m\u00e1s grandes a nivel mundial, solo superado por Estados Unidos en n\u00fameros totales.<\/li>\n<li>Este compromiso est\u00e1 dirigido a individuos que asistieron a Canad\u00e1, ofreciendo 18,000 espacios bajo el Programa de Medidas de Inmigraci\u00f3n Especial, y disposiciones para miembros de la familia extendida de int\u00e9rpretes afganos.<\/li>\n<li>Canad\u00e1 fue pionero en lanzar un programa humanitario para afganos vulnerables, incluidas mujeres l\u00edderes, defensores de los derechos humanos y otros grupos en riesgo. Los canadienses tambi\u00e9n han patrocinado de manera privada a miles de afganos.<\/li>\n<li>En junio de 2023, Canad\u00e1 aprob\u00f3 <a href=\"https:\/\/www.canada.ca\/en\/public-safety-canada\/news\/2023\/06\/legislation-to-support-humanitarian-aid-to-vulnerable-afghans-receives-royal-assent.html\" rel=\"nofollow noopener\" target=\"_blank\">legislaci\u00f3n<\/a> para facilitar el paso seguro de solicitantes de IRCC desde Afganist\u00e1n a terceros pa\u00edses, ayudando al procesamiento de inmigraci\u00f3n.<\/li>\n<\/ul>\n<h2>Enlaces Asociados<\/h2>\n<ul>\n<li><a href=\"https:\/\/www.dropbox.com\/sh\/bjr8fp9joiosa7b\/AAD7fW83N9swPbbZA16_FGEQa?dl=0\" rel=\"nofollow noopener\" target=\"_blank\">Fotos de llegadas afganas para uso de los medios<\/a><\/li>\n<li><a href=\"https:\/\/www.canada.ca\/en\/immigration-refugees-citizenship\/services\/refugees\/afghanistan.html\" rel=\"nofollow noopener\" target=\"_blank\">Respuesta de Canad\u00e1 a la situaci\u00f3n en Afganist\u00e1n<\/a><\/li>\n<li><a href=\"https:\/\/www.canada.ca\/en\/immigration-refugees-citizenship\/services\/refugees\/afghanistan\/volunteer-donate.html\" rel=\"nofollow noopener\" target=\"_blank\">C\u00f3mo pueden ayudar los canadienses<\/a><\/li>\n<\/ul>\n<h2>Informaci\u00f3n de Contacto<\/h2>\n<p><strong>Bahoz Dara Aziz<\/strong><br \/>Secretario de Prensa<br \/>Oficina del Ministro<br \/>Inmigraci\u00f3n, Refugiados y Ciudadan\u00eda de Canad\u00e1<br \/><a href=\"mailto:Bahoz.DaraAziz@cic.gc.ca\" rel=\"nofollow\" target=\"_blank\">Bahoz.DaraAziz@cic.gc.ca<\/a><\/p>\n<p><strong>Relaciones con los Medios<\/strong><br \/>Sector de Comunicaciones<br \/>Inmigraci\u00f3n, Refugiados y Ciudadan\u00eda de Canad\u00e1<br \/>613-952-1650<br \/><a href=\"mailto:media@cic.gc.ca\" rel=\"nofollow\" target=\"_blank\">media@cic.gc.ca<\/a><\/p>\n<h2>Preguntas Frecuentes<\/h2>\n<h3>\u00bfPor qu\u00e9 lanz\u00f3 Canad\u00e1 un programa especial para el reasentamiento afgano?<\/h3>\n<p>Canad\u00e1 inici\u00f3 el programa para apoyar a los afganos vulnerables afectados por el control de los talibanes, destacando su compromiso con los esfuerzos humanitarios.<\/p>\n<h3>\u00bfC\u00f3mo apoya Canad\u00e1 a los nuevos llegados afganos?<\/h3>\n<p>Los nuevos llegados afganos reciben un apoyo integral, que incluye vivienda, atenci\u00f3n m\u00e9dica, educaci\u00f3n y capacitaci\u00f3n en habilidades, a trav\u00e9s de esfuerzos colaborativos en las comunidades canadienses.<\/p>\n<h3>\u00bfCu\u00e1les son los elementos clave del programa de reasentamiento afgano de Canad\u00e1?<\/h3>\n<p>El programa se centra en individuos que asistieron a Canad\u00e1, ofreciendo espacios bajo Medidas de Inmigraci\u00f3n Especial y programas humanitarios para grupos en riesgo.<\/p>\n<p><em>Canad\u00e1 sigue comprometido a proporcionar seguridad y oportunidades para los afganos vulnerables, encarnando su dedicaci\u00f3n a los valores humanitarios globales.<\/em><\/p>\n","protected":false},"excerpt":{"rendered":"<p>El Gobierno de Canad\u00e1 tiene una tradici\u00f3n antigua y orgullosa de acoger a las personas m\u00e1s vulnerables del mundo. &#8230; <a class=\"cz_readmore\" href=\"https:\/\/applytocanada.com\/en\/canada-meets-commitment-to-welcome-40000-vulnerable-afghans-2\/\"><i class=\"fa czico-Icon-Navigation-Chevron-Right\" aria-hidden=\"true\"><\/i><span>Read More<\/span><\/a><\/p>\n","protected":false},"author":4,"featured_media":4581,"comment_status":"closed","ping_status":"closed","sticky":false,"template":"","format":"standard","meta":{"footnotes":""},"categories":[89],"tags":[],"class_list":["post-4583","post","type-post","status-publish","format-standard","has-post-thumbnail","hentry","category-immigration"],"_links":{"self":[{"href":"https:\/\/applytocanada.com\/en\/wp-json\/wp\/v2\/posts\/4583","targetHints":{"allow":["GET"]}}],"collection":[{"href":"https:\/\/applytocanada.com\/en\/wp-json\/wp\/v2\/posts"}],"about":[{"href":"https:\/\/applytocanada.com\/en\/wp-json\/wp\/v2\/types\/post"}],"author":[{"embeddable":true,"href":"https:\/\/applytocanada.com\/en\/wp-json\/wp\/v2\/users\/4"}],"replies":[{"embeddable":true,"href":"https:\/\/applytocanada.com\/en\/wp-json\/wp\/v2\/comments?post=4583"}],"version-history":[{"count":0,"href":"https:\/\/applytocanada.com\/en\/wp-json\/wp\/v2\/posts\/4583\/revisions"}],"wp:featuredmedia":[{"embeddable":true,"href":"https:\/\/applytocanada.com\/en\/wp-json\/wp\/v2\/media\/4581"}],"wp:attachment":[{"href":"https:\/\/applytocanada.com\/en\/wp-json\/wp\/v2\/media?parent=4583"}],"wp:term":[{"taxonomy":"category","embeddable":true,"href":"https:\/\/applytocanada.com\/en\/wp-json\/wp\/v2\/categories?post=4583"},{"taxonomy":"post_tag","embeddable":true,"href":"https:\/\/applytocanada.com\/en\/wp-json\/wp\/v2\/tags?post=4583"}],"curies":[{"name":"wp","href":"https:\/\/api.w.org\/{rel}","templated":true}]}}