{"id":4410,"date":"2025-02-20T00:00:00","date_gmt":"2025-02-19T20:30:00","guid":{"rendered":"https:\/\/applytocanada.com\/canada-renews-commitment-to-welcome-people-affected-by-the-conflict-in-sudan-2\/"},"modified":"2025-02-20T00:00:00","modified_gmt":"2025-02-19T20:30:00","slug":"canada-renews-commitment-to-welcome-people-affected-by-the-conflict-in-sudan-2","status":"publish","type":"post","link":"https:\/\/applytocanada.com\/en\/canada-renews-commitment-to-welcome-people-affected-by-the-conflict-in-sudan-2\/","title":{"rendered":"Canad\u00e1 renueva su compromiso de acoger a personas afectadas por el conflicto en Sud\u00e1n"},"content":{"rendered":"<h1>Canad\u00e1 extiende ayuda a los afectados por el conflicto en Sud\u00e1n<\/h1>\n<p><strong>De: <a href=\"https:\/\/www.canada.ca\/en\/immigration-refugees-citizenship.html\" rel=\"nofollow noopener\" target=\"_blank\">Inmigraci\u00f3n, Refugiados y Ciudadan\u00eda de Canad\u00e1<\/a><\/strong><\/p>\n<h2>Compromiso humanitario de Canad\u00e1 con Sud\u00e1n<\/h2>\n<p>Canad\u00e1 sigue alineando sus estrategias de inmigraci\u00f3n con las necesidades de la comunidad, los objetivos econ\u00f3micos y los deberes humanitarios. Un aspecto crucial de este compromiso es asistir a las poblaciones vulnerables, especialmente aquellas impactadas por el conflicto en Sud\u00e1n.<\/p>\n<p>Tras el estallido de violencia en Jartum el 15 de abril de 2023, Canad\u00e1 se destac\u00f3 como l\u00edder en la coordinaci\u00f3n de esfuerzos internacionales para abordar la crisis. Estas iniciativas incluyeron la evacuaci\u00f3n de numerosos canadienses y residentes permanentes de Sud\u00e1n y la introducci\u00f3n de varias medidas de inmigraci\u00f3n para garantizar la seguridad y la unidad familiar.<\/p>\n<p>Recientemente, el Honorable Marc Miller, Ministro de Inmigraci\u00f3n, Refugiados y Ciudadan\u00eda, anunci\u00f3 planes para reasentar a m\u00e1s refugiados afectados por el conflicto en Sud\u00e1n durante los pr\u00f3ximos dos a\u00f1os. Habr\u00e1 una expansi\u00f3n del camino de residencia permanente basado en la familia, lo que podr\u00eda ayudar a m\u00e1s de 7,000 personas impactadas por el conflicto. Esta iniciativa es parte del <a href=\"https:\/\/www.canada.ca\/en\/immigration-refugees-citizenship\/news\/notices\/supplementary-immigration-levels-2025-2027.html\" rel=\"nofollow noopener\" target=\"_blank\">Plan de Niveles de Inmigraci\u00f3n<\/a>.<\/p>\n<h3>Iniciativas de reasentamiento<\/h3>\n<p>Canad\u00e1 est\u00e1 preparado para reasentar hasta 4,000 refugiados sudaneses asistidos por el gobierno para finales de 2026. Adem\u00e1s, 700 refugiados sudaneses recibir\u00e1n apoyo a trav\u00e9s de patrocinio privado, incluidos hasta 350 nacionales sudaneses patrocinados por grupos y patrocinadores comunitarios. Se eximir\u00e1 el requisito de un documento de determinaci\u00f3n del estatus de refugiado para estas personas, con m\u00e1s detalles por venir.<\/p>\n<p>El camino de residencia permanente basado en la familia ahora procesar\u00e1 m\u00e1s de 5,000 solicitudes, aumentando el n\u00famero de personas acogidas a aproximadamente 10,000. Los criterios del camino permanecen sin cambios desde su lanzamiento en febrero de 2024, excepto que ya no requerir\u00e1 que el ancla canadiense viva fuera de Quebec. Se aceptar\u00e1n nuevas solicitudes a partir del 25 de febrero de 2025.<\/p>\n<h2>Declaraciones oficiales<\/h2>\n<blockquote>\n<p>&#8220;Canad\u00e1 sigue comprometido a ofrecer refugio y seguridad a aquellos afectados por el conflicto en Sud\u00e1n. Este esfuerzo renovado se centra en reasentar a grupos vulnerables, incluidas mujeres, ni\u00f1os y personas que enfrentan persecuci\u00f3n o violencia, reforzando nuestros valores de compasi\u00f3n e inclusi\u00f3n.&#8221; \u2013 El Honorable Marc Miller, Ministro de Inmigraci\u00f3n, Refugiados y Ciudadan\u00eda<\/p>\n<\/blockquote>\n<h2>Informaci\u00f3n clave<\/h2>\n<ul>\n<li>Del 23 de abril de 2023 al 31 de diciembre de 2024, Canad\u00e1 reasent\u00f3 a m\u00e1s de 1,360 refugiados sudaneses y m\u00e1s de 4,100 nacionales no sudaneses que viv\u00edan en Sud\u00e1n durante el inicio del conflicto.<\/li>\n<li>En total, aproximadamente 12,815 personas afectadas por el conflicto en Sud\u00e1n han sido aprobadas para viajar a Canad\u00e1 de forma permanente o temporal.<\/li>\n<li>Esto incluye a 805 personas aprobadas bajo el camino humanitario basado en la familia, con 195 admitidas en Canad\u00e1 al 31 de diciembre de 2024.<\/li>\n<li>En 2024, Canad\u00e1 asign\u00f3 m\u00e1s de $100 millones en asistencia humanitaria a socios en Sud\u00e1n y pa\u00edses vecinos.<\/li>\n<li>El camino humanitario familiar procesar\u00e1 ciertas solicitudes devueltas bajo el camino de febrero de 2024 debido a limitaciones de espacio.<\/li>\n<li>Hasta el 17 de abril de 2025, IRCC reservar\u00e1 espacio para 500 solicitudes de solicitantes con anclas en Quebec, siempre que tengan la intenci\u00f3n de residir fuera de Quebec.<\/li>\n<\/ul>\n<h2>Enlaces asociados<\/h2>\n<ul>\n<li><a href=\"https:\/\/www.canada.ca\/en\/immigration-refugees-citizenship\/services\/sudan2023.html\" title=\"Respuesta de inmigraci\u00f3n de Canad\u00e1 a la crisis en Sud\u00e1n\" rel=\"nofollow noopener\" target=\"_blank\">Respuesta de inmigraci\u00f3n de Canad\u00e1 a la crisis en Sud\u00e1n<\/a><\/li>\n<li><a href=\"https:\/\/www.canada.ca\/en\/immigration-refugees-citizenship\/news\/2023\/04\/canada-to-provide-support-to-sudanese-nationals.html\" title=\"Comunicado de prensa \u2013 Canad\u00e1 brindar\u00e1 apoyo a nacionales sudaneses\" rel=\"nofollow noopener\" target=\"_blank\">Comunicado de prensa \u2013 Canad\u00e1 brindar\u00e1 apoyo a nacionales sudaneses<\/a><\/li>\n<li><a href=\"https:\/\/www.canada.ca\/en\/immigration-refugees-citizenship\/news\/2023\/04\/sudanese-nationals-can-extend-their-stay-in-canada.html\" title=\"Comunicado de prensa \u2013 Los nacionales sudaneses pueden extender su estad\u00eda en Canad\u00e1\" rel=\"nofollow noopener\" target=\"_blank\">Comunicado de prensa \u2013 Los nacionales sudaneses pueden extender su estad\u00eda en Canad\u00e1<\/a><\/li>\n<li><a href=\"https:\/\/www.canada.ca\/en\/immigration-refugees-citizenship\/news\/2023\/05\/canada-waives-fees-for-family-members-of-canadians-who-fled-sudan.html\" title=\"Comunicado de prensa \u2013 Canad\u00e1 exime tarifas para familiares de canadienses que huyeron de Sud\u00e1n\" rel=\"nofollow noopener\" target=\"_blank\">Comunicado de prensa \u2013 Canad\u00e1 exime tarifas para familiares de canadienses que huyeron de Sud\u00e1n<\/a><\/li>\n<li><a href=\"https:\/\/www.canada.ca\/en\/immigration-refugees-citizenship\/news\/2023\/12\/canada-to-launch-humanitarian-pathway-for-people-affected-by-the-conflict-in-sudan.html\" title=\"Comunicado de prensa \u2013 Canad\u00e1 lanzar\u00e1 un camino humanitario para personas afectadas por el conflicto en Sud\u00e1n\" rel=\"nofollow noopener\" target=\"_blank\">Comunicado de prensa \u2013 Canad\u00e1 lanzar\u00e1 un camino humanitario para personas afectadas por el conflicto en Sud\u00e1n<\/a><\/li>\n<\/ul>\n<h2>Informaci\u00f3n de contacto<\/h2>\n<p><strong>Para consultas de medios:<\/strong><\/p>\n<p><strong>Ren\u00e9e LeBlanc Proctor<\/strong><br \/>Secretaria de Prensa<br \/>Oficina del Ministro<br \/>Inmigraci\u00f3n, Refugiados y Ciudadan\u00eda de Canad\u00e1<br \/><a href=\"mailto:Renee.Proctor@cic.gc.ca\" rel=\"nofollow\" target=\"_blank\">Renee.Proctor@cic.gc.ca<\/a><\/p>\n<p><strong>Relaciones con los medios<\/strong><br \/>Sector de Comunicaciones<br \/>Inmigraci\u00f3n, Refugiados y Ciudadan\u00eda de Canad\u00e1<br \/>613-952-1650<br \/><a href=\"mailto:media@cic.gc.ca\" rel=\"nofollow\" target=\"_blank\">media@cic.gc.ca<\/a><\/p>\n<h2>Preguntas frecuentes sobre los esfuerzos de inmigraci\u00f3n de Canad\u00e1 en Sud\u00e1n<\/h2>\n<h3>\u00bfCu\u00e1ntos refugiados sudaneses reasentar\u00e1 Canad\u00e1?<\/h3>\n<p>Canad\u00e1 se compromete a reasentar hasta 4,000 refugiados sudaneses asistidos por el gobierno y apoyar a otros 700 a trav\u00e9s de patrocinio privado para 2026.<\/p>\n<h3>\u00bfQu\u00e9 es el camino de residencia permanente basado en la familia?<\/h3>\n<p>Este camino permite a los miembros de la familia de canadienses afectados por el conflicto en Sud\u00e1n obtener la residencia permanente, ahora ampliado para aceptar m\u00e1s de 5,000 solicitudes.<\/p>\n<h3>\u00bfPueden los nacionales sudaneses extender su estad\u00eda en Canad\u00e1?<\/h3>\n<p>S\u00ed, los nacionales sudaneses en Canad\u00e1 pueden extender su estad\u00eda como parte de la respuesta de inmigraci\u00f3n del pa\u00eds a la crisis.<\/p>\n<h3>\u00bfQu\u00e9 ayuda financiera ha proporcionado Canad\u00e1 a Sud\u00e1n?<\/h3>\n<p>En 2024, Canad\u00e1 asign\u00f3 m\u00e1s de $100 millones en asistencia humanitaria a socios que trabajan en Sud\u00e1n y \u00e1reas vecinas.<\/p>\n<h3>\u00bfEst\u00e1 involucrado Quebec en los esfuerzos de reasentamiento?<\/h3>\n<p>S\u00ed, se reserva espacio para 500 solicitudes de solicitantes con anclas en Quebec hasta el 17 de abril de 2025, siempre que tengan la intenci\u00f3n de residir fuera de Quebec.<\/p>\n","protected":false},"excerpt":{"rendered":"<p>El enfoque de Canad\u00e1 hacia la inmigraci\u00f3n apoya las necesidades de la comunidad, los objetivos econ\u00f3micos y las responsabilidades humanitarias. Una parte clave de estas responsabilidades es el compromiso de larga data de Canad\u00e1 de proteger a los m\u00e1s vulnerables del mundo, incluidas las personas afectadas por el conflicto en Sud\u00e1n. &#8230; <a class=\"cz_readmore\" href=\"https:\/\/applytocanada.com\/en\/canada-renews-commitment-to-welcome-people-affected-by-the-conflict-in-sudan-2\/\"><i class=\"fa czico-Icon-Navigation-Chevron-Right\" aria-hidden=\"true\"><\/i><span>Read More<\/span><\/a><\/p>\n","protected":false},"author":4,"featured_media":4408,"comment_status":"closed","ping_status":"closed","sticky":false,"template":"","format":"standard","meta":{"footnotes":""},"categories":[89],"tags":[],"class_list":["post-4410","post","type-post","status-publish","format-standard","has-post-thumbnail","hentry","category-immigration"],"_links":{"self":[{"href":"https:\/\/applytocanada.com\/en\/wp-json\/wp\/v2\/posts\/4410","targetHints":{"allow":["GET"]}}],"collection":[{"href":"https:\/\/applytocanada.com\/en\/wp-json\/wp\/v2\/posts"}],"about":[{"href":"https:\/\/applytocanada.com\/en\/wp-json\/wp\/v2\/types\/post"}],"author":[{"embeddable":true,"href":"https:\/\/applytocanada.com\/en\/wp-json\/wp\/v2\/users\/4"}],"replies":[{"embeddable":true,"href":"https:\/\/applytocanada.com\/en\/wp-json\/wp\/v2\/comments?post=4410"}],"version-history":[{"count":0,"href":"https:\/\/applytocanada.com\/en\/wp-json\/wp\/v2\/posts\/4410\/revisions"}],"wp:featuredmedia":[{"embeddable":true,"href":"https:\/\/applytocanada.com\/en\/wp-json\/wp\/v2\/media\/4408"}],"wp:attachment":[{"href":"https:\/\/applytocanada.com\/en\/wp-json\/wp\/v2\/media?parent=4410"}],"wp:term":[{"taxonomy":"category","embeddable":true,"href":"https:\/\/applytocanada.com\/en\/wp-json\/wp\/v2\/categories?post=4410"},{"taxonomy":"post_tag","embeddable":true,"href":"https:\/\/applytocanada.com\/en\/wp-json\/wp\/v2\/tags?post=4410"}],"curies":[{"name":"wp","href":"https:\/\/api.w.org\/{rel}","templated":true}]}}